{"id":4366,"date":"2013-09-18T16:43:49","date_gmt":"2013-09-18T16:43:49","guid":{"rendered":"http:\/\/www1.herrera.unt.edu.ar\/facetinforma\/?p=4366"},"modified":"2013-09-18T16:43:49","modified_gmt":"2013-09-18T16:43:49","slug":"expresion-de-interes-en-cooperar-con-baviera-alemania","status":"publish","type":"post","link":"https:\/\/www.facet.unt.edu.ar\/facetinforma\/2013\/09\/18\/expresion-de-interes-en-cooperar-con-baviera-alemania\/","title":{"rendered":"Expresi\u00f3n de inter\u00e9s en cooperar con Baviera, Alemania"},"content":{"rendered":"<p style=\"text-align: justify\"><a href=\"https:\/\/www.facet.unt.edu.ar\/facetinforma\/wp-content\/uploads\/sites\/9\/2013\/09\/image002.png\"><img decoding=\"async\" loading=\"lazy\" class=\"aligncenter size-full wp-image-4370\" title=\"Cabecera\" src=\"https:\/\/www.facet.unt.edu.ar\/facetinforma\/wp-content\/uploads\/sites\/9\/2013\/09\/image002.png\" alt=\"\" width=\"185\" height=\"59\" \/><\/a>Con motivo de haberse creado el programa ABIEST entre la Rep\u00fablica Argentina y la regi\u00f3n de Baviera en Alemania, en el \u00e1rea de medioambiente, la Direcci\u00f3n Nacional de Relaciones Internacionales est\u00e1 realizando una encuesta para relevar los actuales proyectos en medioambiente y conocer su potencial inter\u00e9s en realizar nuevos proyectos.<\/p>\n<p style=\"text-align: justify\">Los investigadores interesados deben enviar el formulario adjunto antes del <strong>10 de octubre de 2013<\/strong> a <a href=\"mailto:kpombo@mincyt.gob.ar\" target=\"_blank\">kpombo@mincyt.gob.ar<\/a>:<br \/> &#8211; <a href=\"http:\/\/www1.herrera.unt.edu.ar\/facetinforma\/wp-content\/uploads\/2013\/09\/Encuesta-cooperacion-con-baviera-final.doc\" target=\"_blank\">Formulario.doc<\/a><\/p>\n<p style=\"text-align: justify\"><span style=\"text-decoration: underline\">Consultas<\/span>:<br \/><strong>Lic. Karina Pombo<\/strong> (Coordinadora \u00c1rea Bilateral, <a href=\"mailto:kpombo@mincyt.gob.ar\" target=\"_blank\">kpombo@mincyt.gob.ar<\/a>)<br \/><strong>Lic. Micaela Bomba<\/strong> (Responsable Proyectos con Alemania: 4899-5000 int. 4116, <a href=\"mailto:micaelabomba@me.com\" target=\"_blank\">micaelabomba@me.com<\/a>)<\/p>\n<div id=\"dc_vk_code\">\u00a0<\/div>\n","protected":false},"excerpt":{"rendered":"<p>Con motivo de haberse creado el programa ABIEST entre la Rep\u00fablica Argentina y la regi\u00f3n de Baviera en Alemania, en el \u00e1rea de medioambiente, la Direcci\u00f3n Nacional de Relaciones Internacionales est\u00e1 realizando una encuesta para relevar los actuales proyectos en medioambiente y conocer su potencial inter\u00e9s en realizar nuevos proyectos. Los investigadores interesados deben enviar [&hellip;]<\/p>\n","protected":false},"author":6,"featured_media":0,"comment_status":"closed","ping_status":"open","sticky":false,"template":"","format":"standard","meta":[],"categories":[5],"tags":[],"_links":{"self":[{"href":"https:\/\/www.facet.unt.edu.ar\/facetinforma\/wp-json\/wp\/v2\/posts\/4366"}],"collection":[{"href":"https:\/\/www.facet.unt.edu.ar\/facetinforma\/wp-json\/wp\/v2\/posts"}],"about":[{"href":"https:\/\/www.facet.unt.edu.ar\/facetinforma\/wp-json\/wp\/v2\/types\/post"}],"author":[{"embeddable":true,"href":"https:\/\/www.facet.unt.edu.ar\/facetinforma\/wp-json\/wp\/v2\/users\/6"}],"replies":[{"embeddable":true,"href":"https:\/\/www.facet.unt.edu.ar\/facetinforma\/wp-json\/wp\/v2\/comments?post=4366"}],"version-history":[{"count":0,"href":"https:\/\/www.facet.unt.edu.ar\/facetinforma\/wp-json\/wp\/v2\/posts\/4366\/revisions"}],"wp:attachment":[{"href":"https:\/\/www.facet.unt.edu.ar\/facetinforma\/wp-json\/wp\/v2\/media?parent=4366"}],"wp:term":[{"taxonomy":"category","embeddable":true,"href":"https:\/\/www.facet.unt.edu.ar\/facetinforma\/wp-json\/wp\/v2\/categories?post=4366"},{"taxonomy":"post_tag","embeddable":true,"href":"https:\/\/www.facet.unt.edu.ar\/facetinforma\/wp-json\/wp\/v2\/tags?post=4366"}],"curies":[{"name":"wp","href":"https:\/\/api.w.org\/{rel}","templated":true}]}}