{"id":4436,"date":"2013-09-30T21:24:15","date_gmt":"2013-09-30T21:24:15","guid":{"rendered":"http:\/\/www1.herrera.unt.edu.ar\/facetinforma\/?p=4436"},"modified":"2013-09-30T21:24:15","modified_gmt":"2013-09-30T21:24:15","slug":"curso-de-posgrado-caracterizacion-y-medicion-de-fuentes-de-iluminacion-con-tecnologia-de-estado-solido-led","status":"publish","type":"post","link":"https:\/\/www.facet.unt.edu.ar\/facetinforma\/2013\/09\/30\/curso-de-posgrado-caracterizacion-y-medicion-de-fuentes-de-iluminacion-con-tecnologia-de-estado-solido-led\/","title":{"rendered":"Curso de Posgrado \u201cCaracterizaci\u00f3n y medici\u00f3n de fuentes de iluminaci\u00f3n con tecnolog\u00eda de estado s\u00f3lido (LED)\u201d"},"content":{"rendered":"<p style=\"text-align: justify\"><span style=\"text-decoration: underline\"><strong>Docente<\/strong><\/span>: Prof. Dr. Peter Hanselaer &#8211; Director del Light &amp; Lighting Laboratory, Catholic University College Sint-Lieven, Ghent, B\u00e9lgica.<\/p>\n<p style=\"text-align: justify\"><strong><span style=\"text-decoration: underline\">Fundamento<\/span>s: <\/strong>El empleo de tecnolog\u00edas de estado s\u00f3lido en iluminaci\u00f3n en particular la expansi\u00f3n que tiene actualmente el uso de LED hace necesario la formaci\u00f3n acad\u00e9mica en su m\u00e1ximo nivel cient\u00edfico acad\u00e9mico, de all\u00ed la relevancia de traer un especialista, investigador y docente quien adem\u00e1s va a trabajar estrechamente con nuestra instituci\u00f3n en la codirecci\u00f3n de tesistas y en la formaci\u00f3n acad\u00e9mica de los mismos.<\/p>\n<p style=\"text-align: justify\"><strong><span style=\"text-decoration: underline\">Programa<\/span>:<br \/>Colorimetr\u00eda: <\/strong>clasificaci\u00f3n del color, igualaci\u00f3n del color, coordenadas y valores tricrom\u00e1ticas, reproducci\u00f3n del color y temperatura de color correlacionado.<\/p>\n<p style=\"text-align: justify\"><strong>Medici\u00f3n de la radiaci\u00f3n luminosa: <\/strong>detectores \u00f3pticos, espectroradi\u00f3metros, caracteristicas de medici\u00f3n, monocromadores, redes de difracci\u00f3n, ancho de banda, resoluci\u00f3n.<\/p>\n<p style=\"text-align: justify\"><strong>Radiaci\u00f3n luminosa emitida por estado s\u00f3lido (LED): <\/strong>principio de producci\u00f3n de luz y funcionamiento, LED azul, RGB, UV y purpura, Fosforos. Caracteristicas radiom\u00e9tricas y colorim\u00e9tricas. \u00a0El chip, multichip, tipos, caracteristicas de fabricaci\u00f3n, caracter\u00edsticas el\u00e9ctricas. Caracter\u00edsticas t\u00e9rminas, disipadores y tecnicas de disipaci\u00f3n del calor. Eficiencia, perdidas, influencia del espesor de la capa de fosforo, de la corriente y la TCC. Vida y definiciones de vida caracteristica, flujo luminoso, medicion del binning. Nuevos desarrollos y diferencias entre fabricantes.\u00a0\u00a0 <!--more--><\/p>\n<p style=\"text-align: justify\"><strong><span style=\"text-decoration: underline\">Idioma<\/span>:<\/strong> el curso ser\u00e1 dictado en <strong><span style=\"text-decoration: underline\">ingl\u00e9s<\/span><\/strong>, con traducci\u00f3n parcial.<\/p>\n<p style=\"text-align: justify\"><strong><span style=\"text-decoration: underline\">Duraci\u00f3n<\/span>: <\/strong>30 hs<strong>. <span style=\"text-decoration: underline\">Fecha<\/span>: <\/strong>comienza<strong> <\/strong>hoy,<strong> <\/strong>30 de setiembre<strong> <\/strong>al<strong> <\/strong>4 octubre de 2013, de 14 a 19 hs.<\/p>\n<p style=\"text-align: justify\">Se adjunta ficha de inscripci\u00f3n: &#8211; <a href=\"http:\/\/www1.herrera.unt.edu.ar\/facetinforma\/wp-content\/uploads\/2013\/10\/Ficha-de-Inscripci\u00f3n-LED-2013.doc\" target=\"_blank\">Ficha de inscripci\u00f3n LED.doc<\/a><\/p>\n<p style=\"text-align: justify\"><span style=\"text-decoration: underline\"><strong>Informes e Inscripci\u00f3n<\/strong><\/span>:<br \/> Departamento de Luminotecnia, Luz y Visi\u00f3n &#8220;Ing. Herberto C. B\u00fchler&#8221;<br \/>Facultad de Ciencias Exactas y Tecnolog\u00eda<br \/> Universidad Nacional de Tucum\u00e1n<br \/> Avda. Independencia 1800 &#8211; T4002BLR \u2013 Tucum\u00e1n &#8211;\u00a0 Argentina<br \/> Tel.: +54 381 4364093 Int. 7715 \/ 7785 \u2013 Tel\/Fax: +54 381 4361936<br \/> <a href=\"mailto:ilum@herrera.unt.edu.ar\" target=\"_blank\">ilum@herrera.unt.edu.ar\u00a0 <\/a>\/<br \/> <a href=\"http:\/\/www1.herrera.unt.edu.ar\/faceyt\/dllyv\" target=\"_blank\">www1.herrera.unt.edu.ar\/faceyt\/dllyv<\/a><\/p>\n<div id=\"dc_vk_code\">\u00a0<\/div>\n","protected":false},"excerpt":{"rendered":"<p>Docente: Prof. Dr. Peter Hanselaer &#8211; Director del Light &amp; Lighting Laboratory, Catholic University College Sint-Lieven, Ghent, B\u00e9lgica. Fundamentos: El empleo de tecnolog\u00edas de estado s\u00f3lido en iluminaci\u00f3n en particular la expansi\u00f3n que tiene actualmente el uso de LED hace necesario la formaci\u00f3n acad\u00e9mica en su m\u00e1ximo nivel cient\u00edfico acad\u00e9mico, de all\u00ed la relevancia de [&hellip;]<\/p>\n","protected":false},"author":6,"featured_media":0,"comment_status":"closed","ping_status":"open","sticky":false,"template":"","format":"standard","meta":[],"categories":[5,4],"tags":[],"_links":{"self":[{"href":"https:\/\/www.facet.unt.edu.ar\/facetinforma\/wp-json\/wp\/v2\/posts\/4436"}],"collection":[{"href":"https:\/\/www.facet.unt.edu.ar\/facetinforma\/wp-json\/wp\/v2\/posts"}],"about":[{"href":"https:\/\/www.facet.unt.edu.ar\/facetinforma\/wp-json\/wp\/v2\/types\/post"}],"author":[{"embeddable":true,"href":"https:\/\/www.facet.unt.edu.ar\/facetinforma\/wp-json\/wp\/v2\/users\/6"}],"replies":[{"embeddable":true,"href":"https:\/\/www.facet.unt.edu.ar\/facetinforma\/wp-json\/wp\/v2\/comments?post=4436"}],"version-history":[{"count":0,"href":"https:\/\/www.facet.unt.edu.ar\/facetinforma\/wp-json\/wp\/v2\/posts\/4436\/revisions"}],"wp:attachment":[{"href":"https:\/\/www.facet.unt.edu.ar\/facetinforma\/wp-json\/wp\/v2\/media?parent=4436"}],"wp:term":[{"taxonomy":"category","embeddable":true,"href":"https:\/\/www.facet.unt.edu.ar\/facetinforma\/wp-json\/wp\/v2\/categories?post=4436"},{"taxonomy":"post_tag","embeddable":true,"href":"https:\/\/www.facet.unt.edu.ar\/facetinforma\/wp-json\/wp\/v2\/tags?post=4436"}],"curies":[{"name":"wp","href":"https:\/\/api.w.org\/{rel}","templated":true}]}}