{"id":4524,"date":"2013-10-08T16:28:39","date_gmt":"2013-10-08T16:28:39","guid":{"rendered":"http:\/\/www1.herrera.unt.edu.ar\/facetinforma\/?p=4524"},"modified":"2013-10-08T16:28:39","modified_gmt":"2013-10-08T16:28:39","slug":"autoevaluacion-funcion-idi","status":"publish","type":"post","link":"https:\/\/www.facet.unt.edu.ar\/facetinforma\/2013\/10\/08\/autoevaluacion-funcion-idi\/","title":{"rendered":"Autoevaluaci\u00f3n Funci\u00f3n I+D+i"},"content":{"rendered":"<p>Estimados \u00a0Docentes-Investigadores de la FACET:<\/p>\n<p style=\"text-align: justify\">Como es de p\u00fablico conocimiento, la UNT se encuentra en el proceso de\u00a0Autoevaluaci\u00f3n\u00a0de la Funci\u00f3n I+D+i. Este proceso institucional requiere la participaci\u00f3n de toda la comunidad docente y cient\u00edfica en la que la FACET juega un rol destacado.<\/p>\n<p style=\"text-align: justify\">Para coordinar las actividades que este proceso demanda, la Secretar\u00eda de Ciencia y T\u00e9cnica de la UNT ha designado un comit\u00e9 con representantes de todas las Facultades; en nuestro caso, la Prof. Nora Perotti act\u00faa como nexo entre la FACET y el \u201cComit\u00e9 de Autoevaluaci\u00f3n\u201d.<\/p>\n<p style=\"text-align: justify\">Por su parte, en reuni\u00f3n extraordinaria, nuestro Consejo Asesor de Ciencia y T\u00e9cnica \u2013formado por los representantes de todos los Departamentos de la FACET- a pedido de la Ing. Perotti, ha resuelto <strong>iniciar una etapa de sensibilizaci\u00f3n entre los docentes-investigadores con participaci\u00f3n de toda la comunidad cient\u00edfica<\/strong> en la que se desarrollar\u00e1n un conjunto de \u201cCharlas interactivas\u201d.\u00a0\u00a0 <!--more--><\/p>\n<p style=\"text-align: justify\">Para ello, se ha elaborado el siguiente cronograma:<\/p>\n<table border=\"1\" cellspacing=\"0\" cellpadding=\"0\">\n<tbody>\n<tr>\n<td valign=\"top\" width=\"108\">\n<p>&nbsp;<\/p>\n<\/td>\n<td colspan=\"2\" valign=\"top\" width=\"241\">\n<p align=\"center\"><strong>Ma\u00f1ana<\/strong><\/p>\n<\/td>\n<td colspan=\"2\" valign=\"top\" width=\"233\">\n<p align=\"center\"><strong>Tarde<\/strong><\/p>\n<\/td>\n<\/tr>\n<tr>\n<td valign=\"top\" width=\"108\">\n<p>&nbsp;<\/p>\n<\/td>\n<td valign=\"top\" width=\"99\">\n<p align=\"center\"><strong>Horario<\/strong><\/p>\n<\/td>\n<td valign=\"top\" width=\"142\">\n<p align=\"center\"><strong>Departamentos<\/strong><\/p>\n<\/td>\n<td valign=\"top\" width=\"95\">\n<p align=\"center\"><strong>Horario<\/strong><\/p>\n<\/td>\n<td valign=\"top\" width=\"138\">\n<p align=\"center\"><strong>Departamentos<\/strong><\/p>\n<\/td>\n<\/tr>\n<tr>\n<td valign=\"top\" width=\"108\">\n<p><strong>Martes 15\/10<\/strong><\/p>\n<\/td>\n<td valign=\"top\" width=\"99\">\n<p align=\"center\">11:00hs<\/p>\n<\/td>\n<td valign=\"top\" width=\"142\">\n<p>-Construcciones y Obras Civiles<\/p>\n<p>&#8211;Ingenier\u00eda de Procesos y Gesti\u00f3n Industrial<\/p>\n<\/td>\n<td valign=\"top\" width=\"95\">\n<p align=\"center\">18:00hs<\/p>\n<\/td>\n<td valign=\"top\" width=\"138\">\n<p>-Dpto. de Industria Azucarera<\/p>\n<p>-Luminotecnica, Luz y Visi\u00f3n<\/p>\n<p>-Geodesia y Geof\u00edsica<\/p>\n<\/td>\n<\/tr>\n<tr>\n<td valign=\"top\" width=\"108\">\n<p><strong>Mi\u00e9rcoles 16\/10<\/strong><\/p>\n<\/td>\n<td valign=\"top\" width=\"99\">\n<p align=\"center\">9:00hs<\/p>\n<\/td>\n<td valign=\"top\" width=\"142\">\n<p>-Bioingenier\u00eda<\/p>\n<p>-F\u00edsica<\/p>\n<\/td>\n<td valign=\"top\" width=\"95\">\n<p align=\"center\">15:00hs<\/p>\n<\/td>\n<td valign=\"top\" width=\"138\">\n<p>-Ciencias de la Computaci\u00f3n<\/p>\n<p>-Matem\u00e1tica<\/p>\n<\/td>\n<\/tr>\n<tr>\n<td valign=\"top\" width=\"108\">\n<p>Jueves 17\/10<\/p>\n<\/td>\n<td colspan=\"4\" valign=\"top\" width=\"474\">\n<p align=\"center\">Sin actividad<\/p>\n<\/td>\n<\/tr>\n<tr>\n<td valign=\"top\" width=\"108\">\n<p><strong>Viernes 18\/10<\/strong><\/p>\n<\/td>\n<td valign=\"top\" width=\"99\">\n<p align=\"center\">9:00hs<\/p>\n<\/td>\n<td valign=\"top\" width=\"142\">\n<p>-Electricidad, Electr\u00f3nica y Computaci\u00f3n<\/p>\n<p>-Mec\u00e1nica<\/p>\n<\/td>\n<td valign=\"top\" width=\"95\">\n<p align=\"center\">\u00a0<\/p>\n<\/td>\n<td valign=\"top\" width=\"138\">\n<p>&nbsp;<\/p>\n<\/td>\n<\/tr>\n<\/tbody>\n<\/table>\n<p style=\"text-align: justify\">Se solicita a los referentes de cada \u00e1rea, as\u00ed como a los directores de proyectos y programas de investigaci\u00f3n, difundir esta informaci\u00f3n entre su personal docente y t\u00e9cnico. Su participaci\u00f3n es de fundamental importancia para el \u00e9xito de este proceso.<\/p>\n<p style=\"text-align: justify\">Se adjunta la Gu\u00eda de Autoevaluaci\u00f3n con la que se trabajar\u00e1: &#8211; <a href=\"https:\/\/www.facet.unt.edu.ar\/facetinforma\/wp-content\/uploads\/sites\/9\/2013\/10\/Guia-Autoevaluacion-funcion-I+D.pdf\" target=\"_blank\">Gu\u00eda Autoevaluaci\u00f3n funci\u00f3n I+D.pdf<\/a><\/p>\n<p style=\"text-align: justify\">Los esperamos.<\/p>\n<p style=\"text-align: justify\">Desde ya, muchas gracias.<\/p>\n<h6><span style=\"font-size: x-small;font-family: times new roman,times\">&#8212; <\/span><br \/><span style=\"font-size: x-small;font-family: times new roman,times\"> Dra. Ing Myriam C. Herrera<\/span><br \/><span style=\"font-size: x-small;font-family: times new roman,times\"> Directora<\/span><br \/><span style=\"font-size: x-small;font-family: times new roman,times\"> Departamento de Ciencia y T\u00e9cnica<\/span><br \/><span style=\"font-size: x-small;font-family: times new roman,times\"> FACET-UNT<\/span><br \/><span style=\"font-size: x-small;font-family: times new roman,times\"> <a href=\"mailto:cytfacet@herrera.unt.edu.ar\" target=\"_blank\">cytfacet@herrera.unt.edu.ar<\/a><\/span><\/h6>\n<div id=\"dc_vk_code\">\u00a0<\/div>\n","protected":false},"excerpt":{"rendered":"<p>Estimados \u00a0Docentes-Investigadores de la FACET: Como es de p\u00fablico conocimiento, la UNT se encuentra en el proceso de\u00a0Autoevaluaci\u00f3n\u00a0de la Funci\u00f3n I+D+i. Este proceso institucional requiere la participaci\u00f3n de toda la comunidad docente y cient\u00edfica en la que la FACET juega un rol destacado. Para coordinar las actividades que este proceso demanda, la Secretar\u00eda de Ciencia [&hellip;]<\/p>\n","protected":false},"author":6,"featured_media":0,"comment_status":"closed","ping_status":"open","sticky":false,"template":"","format":"standard","meta":[],"categories":[5],"tags":[],"_links":{"self":[{"href":"https:\/\/www.facet.unt.edu.ar\/facetinforma\/wp-json\/wp\/v2\/posts\/4524"}],"collection":[{"href":"https:\/\/www.facet.unt.edu.ar\/facetinforma\/wp-json\/wp\/v2\/posts"}],"about":[{"href":"https:\/\/www.facet.unt.edu.ar\/facetinforma\/wp-json\/wp\/v2\/types\/post"}],"author":[{"embeddable":true,"href":"https:\/\/www.facet.unt.edu.ar\/facetinforma\/wp-json\/wp\/v2\/users\/6"}],"replies":[{"embeddable":true,"href":"https:\/\/www.facet.unt.edu.ar\/facetinforma\/wp-json\/wp\/v2\/comments?post=4524"}],"version-history":[{"count":0,"href":"https:\/\/www.facet.unt.edu.ar\/facetinforma\/wp-json\/wp\/v2\/posts\/4524\/revisions"}],"wp:attachment":[{"href":"https:\/\/www.facet.unt.edu.ar\/facetinforma\/wp-json\/wp\/v2\/media?parent=4524"}],"wp:term":[{"taxonomy":"category","embeddable":true,"href":"https:\/\/www.facet.unt.edu.ar\/facetinforma\/wp-json\/wp\/v2\/categories?post=4524"},{"taxonomy":"post_tag","embeddable":true,"href":"https:\/\/www.facet.unt.edu.ar\/facetinforma\/wp-json\/wp\/v2\/tags?post=4524"}],"curies":[{"name":"wp","href":"https:\/\/api.w.org\/{rel}","templated":true}]}}