{"id":4528,"date":"2013-10-08T16:38:47","date_gmt":"2013-10-08T16:38:47","guid":{"rendered":"http:\/\/www1.herrera.unt.edu.ar\/facetinforma\/?p=4528"},"modified":"2013-10-08T16:38:47","modified_gmt":"2013-10-08T16:38:47","slug":"segundo-anuncio-xviii-emci-nacional-y-x-emci-internacional-mar-del-plata-2014","status":"publish","type":"post","link":"https:\/\/www.facet.unt.edu.ar\/facetinforma\/2013\/10\/08\/segundo-anuncio-xviii-emci-nacional-y-x-emci-internacional-mar-del-plata-2014\/","title":{"rendered":"Segundo Anuncio &#8211; XVIII EMCI Nacional Y X EMCI Internacional Mar del Plata, 2014"},"content":{"rendered":"<p style=\"text-align: justify\">Estimado colega:<\/p>\n<p style=\"text-align: justify\">Nos es grato comunicarnos nuevamente con ustedes para invitarlos a participar del pr\u00f3ximo EMCI 2014, este encuentro ser\u00e1 un \u00e1mbito propicio para el intercambio de ideas, conocimientos y experiencias entre docentes e investigadores. Les solicitamos la difusi\u00f3n del mismo en sus \u00e1mbitos de trabajo.<\/p>\n<p style=\"text-align: justify\"><strong>Lugar de realizaci\u00f3n:<\/strong> Mar del Plata.<\/p>\n<p style=\"text-align: justify\"><strong>Instituci\u00f3n organizadora:<\/strong> Facultad de Ingenier\u00eda de la U.N.M.D.P.<\/p>\n<p style=\"text-align: justify\"><strong>Fechas:<\/strong> 7, 8 y 9 de mayo, 2014.<\/p>\n<p style=\"text-align: justify\"><strong>Fecha l\u00edmite de recepci\u00f3n de resumen y trabajos en extenso:<\/strong> 15 de noviembre\u00a0 de 2013.\u00a0\u00a0 <!--more--><\/p>\n<p style=\"text-align: justify\"><strong>\u00c1reas de Trabajo:<br \/><\/strong><\/p>\n<ol style=\"text-align: justify\" start=\"1\">\n<li>Articulaci\u00f3n y Extensi\u00f3n<\/li>\n<li>Aplicaciones de la Matem\u00e1tica<\/li>\n<li>Experiencias de C\u00e1tedra<\/li>\n<li>Investigaci\u00f3n Educativa<\/li>\n<li>Uso de las TICS en Educaci\u00f3n Matem\u00e1tica<\/li>\n<\/ol>\n<p style=\"text-align: justify\">Para cualquier consulta comunicarse a: <a href=\"mailto:emcixviii@gmail.com\">emcixviii@gmail.com<\/a> o visitar el sitio web: \u00a0<a href=\"http:\/\/www3.fi.mdp.edu.ar\/emci_2014\/\" target=\"_blank\">http:\/\/www3.fi.mdp.edu.ar\/emci_2014\/<\/a><\/p>\n<p style=\"text-align: justify\">Saludos cordiales,<\/p>\n<h6><span style=\"font-size: x-small;font-family: times new roman,times\">&#8212;<\/span><br \/><span style=\"font-size: x-small;font-family: times new roman,times\"> Comisi\u00f3n Organizadora XVIII EMCI<\/span><br \/><span style=\"font-size: x-small;font-family: times new roman,times\"> Mar del Plata<\/span><\/h6>\n<div id=\"dc_vk_code\">\u00a0<\/div>\n","protected":false},"excerpt":{"rendered":"<p>Estimado colega: Nos es grato comunicarnos nuevamente con ustedes para invitarlos a participar del pr\u00f3ximo EMCI 2014, este encuentro ser\u00e1 un \u00e1mbito propicio para el intercambio de ideas, conocimientos y experiencias entre docentes e investigadores. Les solicitamos la difusi\u00f3n del mismo en sus \u00e1mbitos de trabajo. Lugar de realizaci\u00f3n: Mar del Plata. Instituci\u00f3n organizadora: Facultad [&hellip;]<\/p>\n","protected":false},"author":6,"featured_media":0,"comment_status":"closed","ping_status":"open","sticky":false,"template":"","format":"standard","meta":[],"categories":[5],"tags":[],"_links":{"self":[{"href":"https:\/\/www.facet.unt.edu.ar\/facetinforma\/wp-json\/wp\/v2\/posts\/4528"}],"collection":[{"href":"https:\/\/www.facet.unt.edu.ar\/facetinforma\/wp-json\/wp\/v2\/posts"}],"about":[{"href":"https:\/\/www.facet.unt.edu.ar\/facetinforma\/wp-json\/wp\/v2\/types\/post"}],"author":[{"embeddable":true,"href":"https:\/\/www.facet.unt.edu.ar\/facetinforma\/wp-json\/wp\/v2\/users\/6"}],"replies":[{"embeddable":true,"href":"https:\/\/www.facet.unt.edu.ar\/facetinforma\/wp-json\/wp\/v2\/comments?post=4528"}],"version-history":[{"count":0,"href":"https:\/\/www.facet.unt.edu.ar\/facetinforma\/wp-json\/wp\/v2\/posts\/4528\/revisions"}],"wp:attachment":[{"href":"https:\/\/www.facet.unt.edu.ar\/facetinforma\/wp-json\/wp\/v2\/media?parent=4528"}],"wp:term":[{"taxonomy":"category","embeddable":true,"href":"https:\/\/www.facet.unt.edu.ar\/facetinforma\/wp-json\/wp\/v2\/categories?post=4528"},{"taxonomy":"post_tag","embeddable":true,"href":"https:\/\/www.facet.unt.edu.ar\/facetinforma\/wp-json\/wp\/v2\/tags?post=4528"}],"curies":[{"name":"wp","href":"https:\/\/api.w.org\/{rel}","templated":true}]}}