{"id":4584,"date":"2013-10-11T17:04:06","date_gmt":"2013-10-11T17:04:06","guid":{"rendered":"http:\/\/www1.herrera.unt.edu.ar\/facetinforma\/?p=4584"},"modified":"2013-10-11T17:04:06","modified_gmt":"2013-10-11T17:04:06","slug":"invitacion-al-evento-la-quinta-en-concierto-17-y-18-de-octubre-de-2013","status":"publish","type":"post","link":"https:\/\/www.facet.unt.edu.ar\/facetinforma\/2013\/10\/11\/invitacion-al-evento-la-quinta-en-concierto-17-y-18-de-octubre-de-2013\/","title":{"rendered":"Invitaci\u00f3n al evento La Quinta en Concierto -17 y 18 de Octubre de 2013"},"content":{"rendered":"<p style=\"text-align: justify\">Las Facultades de Arquitectura y Urbanismo, Agronom\u00eda y Zootecnia, Bioqu\u00edmica, Qu\u00edmica y Farmacia, Ciencias Econ\u00f3micas y Ciencias Exactas y Tecnolog\u00eda tienen el agrado de invitar a Ud. a la Tercera Edici\u00f3n de la Quinta en Concierto, evento a realizarse los d\u00edas Jueves 17 y Viernes 18 del corriente frente al edificio nuevo de la Facultad de Arquitectura, Centro Herrera los d\u00edas Jueves 17 y Viernes 18 del corriente bajo la coordinaci\u00f3n ejecutiva de la Secretar\u00eda de Extensi\u00f3n de la Facultad de Arquitectura.<\/p>\n<p style=\"text-align: justify\">En esta oportunidad, lo recaudado a trav\u00e9s del bono contribuci\u00f3n ser\u00e1 destinado a la Escuela Especial Luis Braille.\u00a0\u00a0 <!--more--><\/p>\n<p style=\"text-align: justify\">El espect\u00e1culo se ha organizado en dos noches:<\/p>\n<p style=\"text-align: justify\"><strong>Jueves 17 de Octubre<\/strong> &#8211; Noche de Gala desde horas 20:00<br \/> Durante la misma se han de presentar el Coro del Colegio de Arquitectos bajo la Direcci\u00f3n del maestro Enrique C\u00e1ceres y la Banda Sinf\u00f3nica de la Provincia de Tucum\u00e1n, bajo la direcci\u00f3n del eximio maestro \u00c1lvaro Garc\u00eda.<br \/> Esta noche contar\u00e1 tambi\u00e9n con la presencia de artistas invitados que interpretar\u00e1n m\u00fasica l\u00edrica.<\/p>\n<p style=\"text-align: justify\"><strong>Viernes 18 de Octubre<\/strong> &#8211; Noche de Bandas desde horas 22:00<br \/> En esta noche se han de presentar diversas bandas de rock, entre ellas Boyar, Santos sin remeras, Burro de Arranque, Rock n Lobos y Karma Sudaca.<br \/> Finalmente el evento ser\u00e1 musicalizado por el DJ Sebasti\u00e1n Lefebre.<\/p>\n<p style=\"text-align: justify\">Les esperamos!<\/p>\n<p style=\"text-align: justify\"><a href=\"https:\/\/www.facet.unt.edu.ar\/facetinforma\/wp-content\/uploads\/sites\/9\/2013\/10\/2013-afiche-quinta.jpg\"><img decoding=\"async\" loading=\"lazy\" class=\"aligncenter  wp-image-4589\" title=\"Afiche La Quinta en Concierto 2013\" src=\"https:\/\/www.facet.unt.edu.ar\/facetinforma\/wp-content\/uploads\/sites\/9\/2013\/10\/2013-afiche-quinta-753x1024.jpg\" alt=\"\" width=\"345\" height=\"466\" \/><\/a><\/p>\n<div id=\"dc_vk_code\">\u00a0<\/div>\n","protected":false},"excerpt":{"rendered":"<p>Las Facultades de Arquitectura y Urbanismo, Agronom\u00eda y Zootecnia, Bioqu\u00edmica, Qu\u00edmica y Farmacia, Ciencias Econ\u00f3micas y Ciencias Exactas y Tecnolog\u00eda tienen el agrado de invitar a Ud. a la Tercera Edici\u00f3n de la Quinta en Concierto, evento a realizarse los d\u00edas Jueves 17 y Viernes 18 del corriente frente al edificio nuevo de la Facultad [&hellip;]<\/p>\n","protected":false},"author":6,"featured_media":0,"comment_status":"closed","ping_status":"open","sticky":false,"template":"","format":"standard","meta":[],"categories":[5],"tags":[],"_links":{"self":[{"href":"https:\/\/www.facet.unt.edu.ar\/facetinforma\/wp-json\/wp\/v2\/posts\/4584"}],"collection":[{"href":"https:\/\/www.facet.unt.edu.ar\/facetinforma\/wp-json\/wp\/v2\/posts"}],"about":[{"href":"https:\/\/www.facet.unt.edu.ar\/facetinforma\/wp-json\/wp\/v2\/types\/post"}],"author":[{"embeddable":true,"href":"https:\/\/www.facet.unt.edu.ar\/facetinforma\/wp-json\/wp\/v2\/users\/6"}],"replies":[{"embeddable":true,"href":"https:\/\/www.facet.unt.edu.ar\/facetinforma\/wp-json\/wp\/v2\/comments?post=4584"}],"version-history":[{"count":0,"href":"https:\/\/www.facet.unt.edu.ar\/facetinforma\/wp-json\/wp\/v2\/posts\/4584\/revisions"}],"wp:attachment":[{"href":"https:\/\/www.facet.unt.edu.ar\/facetinforma\/wp-json\/wp\/v2\/media?parent=4584"}],"wp:term":[{"taxonomy":"category","embeddable":true,"href":"https:\/\/www.facet.unt.edu.ar\/facetinforma\/wp-json\/wp\/v2\/categories?post=4584"},{"taxonomy":"post_tag","embeddable":true,"href":"https:\/\/www.facet.unt.edu.ar\/facetinforma\/wp-json\/wp\/v2\/tags?post=4584"}],"curies":[{"name":"wp","href":"https:\/\/api.w.org\/{rel}","templated":true}]}}