{"id":4634,"date":"2013-10-16T12:26:56","date_gmt":"2013-10-16T12:26:56","guid":{"rendered":"http:\/\/www1.herrera.unt.edu.ar\/facetinforma\/?p=4634"},"modified":"2013-10-16T12:26:56","modified_gmt":"2013-10-16T12:26:56","slug":"fiesta-de-la-primavera-jardin-materno-infantil-el-ladrillito","status":"publish","type":"post","link":"https:\/\/www.facet.unt.edu.ar\/facetinforma\/2013\/10\/16\/fiesta-de-la-primavera-jardin-materno-infantil-el-ladrillito\/","title":{"rendered":"Fiesta de la Primavera &#8211; Jard\u00edn Materno Infantil &#8220;El Ladrillito&#8221;"},"content":{"rendered":"<p style=\"text-align: justify\">El d\u00eda 20 de Setiembre, se realiz\u00f3 en las instalaciones del Jard\u00edn Materno Infantil &#8220;El Ladrillito&#8221; la fiesta de la primavera, en la cual los ni\u00f1os asistieron disfrazados.\u00a0<\/p>\n<p style=\"text-align: justify\">En la misma, las practicantes de la Escuela y Liceo Vocacional Sarmiento y observantes de la Escuela Normal, organizaron juegos de entretenimiento y bailaron con los ni\u00f1os, que estaban felices porque estaban disfrazadas de payasos.\u00a0<\/p>\n<p style=\"text-align: justify\">Fue un d\u00eda genial.<\/p>\n<p style=\"text-align: justify\">Se les entregaron muchas sorpresas.\u00a0<\/p>\n<table style=\"width: 740px;height: 324px\" border=\"0\">\n<tbody>\n<tr>\n<td style=\"border-color: #ffffff;border-style: solid;border-width: 1px\"><a href=\"https:\/\/www.facet.unt.edu.ar\/facetinforma\/wp-content\/uploads\/sites\/9\/2013\/10\/Foto-11.png\"><img decoding=\"async\" loading=\"lazy\" class=\"aligncenter size-full wp-image-4635\" title=\"Jard\u00edn Materno Infantil &quot;El Ladrillito&quot; \" src=\"https:\/\/www.facet.unt.edu.ar\/facetinforma\/wp-content\/uploads\/sites\/9\/2013\/10\/Foto-11.png\" alt=\"\" width=\"250\" height=\"141\" \/><\/a><\/td>\n<td style=\"border-color: #ffffff;border-style: solid;border-width: 1px\"><a href=\"https:\/\/www.facet.unt.edu.ar\/facetinforma\/wp-content\/uploads\/sites\/9\/2013\/10\/Foto-21.png\"><img decoding=\"async\" loading=\"lazy\" class=\"aligncenter size-full wp-image-4636\" title=\"Jard\u00edn Materno Infantil &quot;El Ladrillito&quot; \" src=\"https:\/\/www.facet.unt.edu.ar\/facetinforma\/wp-content\/uploads\/sites\/9\/2013\/10\/Foto-21.png\" alt=\"\" width=\"250\" height=\"141\" \/><\/a><\/td>\n<\/tr>\n<tr>\n<td style=\"border-color: #ffffff;border-style: solid;border-width: 1px\"><a href=\"https:\/\/www.facet.unt.edu.ar\/facetinforma\/wp-content\/uploads\/sites\/9\/2013\/10\/Foto-34.png\"><img decoding=\"async\" loading=\"lazy\" class=\"aligncenter size-full wp-image-4637\" title=\"Jard\u00edn Materno Infantil &quot;El Ladrillito&quot; \" src=\"https:\/\/www.facet.unt.edu.ar\/facetinforma\/wp-content\/uploads\/sites\/9\/2013\/10\/Foto-34.png\" alt=\"\" width=\"250\" height=\"141\" \/><\/a><\/td>\n<td style=\"border-color: #ffffff;border-style: solid;border-width: 1px\"><a href=\"https:\/\/www.facet.unt.edu.ar\/facetinforma\/wp-content\/uploads\/sites\/9\/2013\/10\/Foto-4.png\"><img decoding=\"async\" loading=\"lazy\" class=\"aligncenter size-full wp-image-4638\" title=\"Jard\u00edn Materno Infantil &quot;El Ladrillito&quot; \" src=\"https:\/\/www.facet.unt.edu.ar\/facetinforma\/wp-content\/uploads\/sites\/9\/2013\/10\/Foto-4.png\" alt=\"\" width=\"250\" height=\"141\" \/><\/a><\/td>\n<\/tr>\n<\/tbody>\n<\/table>\n<p>&#8212;<\/p>\n<p>Lic. Claudia Mastracchio<\/p>\n","protected":false},"excerpt":{"rendered":"<p>El d\u00eda 20 de Setiembre, se realiz\u00f3 en las instalaciones del Jard\u00edn Materno Infantil &#8220;El Ladrillito&#8221; la fiesta de la primavera, en la cual los ni\u00f1os asistieron disfrazados.\u00a0 En la misma, las practicantes de la Escuela y Liceo Vocacional Sarmiento y observantes de la Escuela Normal, organizaron juegos de entretenimiento y bailaron con los ni\u00f1os, [&hellip;]<\/p>\n","protected":false},"author":6,"featured_media":0,"comment_status":"closed","ping_status":"open","sticky":false,"template":"","format":"standard","meta":[],"categories":[5],"tags":[],"_links":{"self":[{"href":"https:\/\/www.facet.unt.edu.ar\/facetinforma\/wp-json\/wp\/v2\/posts\/4634"}],"collection":[{"href":"https:\/\/www.facet.unt.edu.ar\/facetinforma\/wp-json\/wp\/v2\/posts"}],"about":[{"href":"https:\/\/www.facet.unt.edu.ar\/facetinforma\/wp-json\/wp\/v2\/types\/post"}],"author":[{"embeddable":true,"href":"https:\/\/www.facet.unt.edu.ar\/facetinforma\/wp-json\/wp\/v2\/users\/6"}],"replies":[{"embeddable":true,"href":"https:\/\/www.facet.unt.edu.ar\/facetinforma\/wp-json\/wp\/v2\/comments?post=4634"}],"version-history":[{"count":0,"href":"https:\/\/www.facet.unt.edu.ar\/facetinforma\/wp-json\/wp\/v2\/posts\/4634\/revisions"}],"wp:attachment":[{"href":"https:\/\/www.facet.unt.edu.ar\/facetinforma\/wp-json\/wp\/v2\/media?parent=4634"}],"wp:term":[{"taxonomy":"category","embeddable":true,"href":"https:\/\/www.facet.unt.edu.ar\/facetinforma\/wp-json\/wp\/v2\/categories?post=4634"},{"taxonomy":"post_tag","embeddable":true,"href":"https:\/\/www.facet.unt.edu.ar\/facetinforma\/wp-json\/wp\/v2\/tags?post=4634"}],"curies":[{"name":"wp","href":"https:\/\/api.w.org\/{rel}","templated":true}]}}