{"id":4667,"date":"2013-10-17T16:09:29","date_gmt":"2013-10-17T16:09:29","guid":{"rendered":"http:\/\/www1.herrera.unt.edu.ar\/facetinforma\/?p=4667"},"modified":"2013-10-17T16:09:29","modified_gmt":"2013-10-17T16:09:29","slug":"visita-a-la-granja-jardin-materno-infantil-el-ladrillito","status":"publish","type":"post","link":"https:\/\/www.facet.unt.edu.ar\/facetinforma\/2013\/10\/17\/visita-a-la-granja-jardin-materno-infantil-el-ladrillito\/","title":{"rendered":"Visita a la Granja \u2013 Jard\u00edn Materno Infantil \u201cEl Ladrillito\u201d"},"content":{"rendered":"<p style=\"text-align: justify\">Es importante acercar a los ni\u00f1os al mundo natural y darles la posibilidad del contacto directo con el medio que los rodea, siendo fundamental ense\u00f1arles sobre los distintos tipos de ambientes y los seres vivos que habitan en \u00e9l.\u00a0 Por ello, se arm\u00f3 con los ni\u00f1os una pecera y todos los d\u00edas se encargan de alimentarlos.<\/p>\n<p style=\"text-align: justify\">El d\u00eda 25 de Setiembre fuimos a una granja con fines did\u00e1cticos y de recreaci\u00f3n, y se les ense\u00f1\u00f3 lo importante del respeto por los animales, y de \u00e9sta forma se formar\u00e1n personas nobles y se conseguir\u00e1 tener una gran naci\u00f3n.\u00a0\u00a0\u00a0 <!--more--><\/p>\n<p style=\"text-align: justify\">Como dice Mahatma Gandhi, la grandeza de una naci\u00f3n y su progreso moral, pueden ser juzgados seg\u00fan la forma en que tratan a sus animales.<\/p>\n<p style=\"text-align: justify\">Seg\u00fan Buda, cuando un hombre se apiade de todas las criaturas vivientes s\u00f3lo entonces ser\u00e1 noble.<\/p>\n<table style=\"width: 750px;height: 328px\" border=\"0\">\n<tbody>\n<tr>\n<td style=\"border-color: #ffffff;border-style: solid;border-width: 1px\"><a href=\"https:\/\/www.facet.unt.edu.ar\/facetinforma\/wp-content\/uploads\/sites\/9\/2013\/10\/Foto-12.png\"><img decoding=\"async\" loading=\"lazy\" class=\"aligncenter size-full wp-image-4668\" title=\"Foto 1\" src=\"https:\/\/www.facet.unt.edu.ar\/facetinforma\/wp-content\/uploads\/sites\/9\/2013\/10\/Foto-12.png\" alt=\"\" width=\"250\" height=\"141\" \/><\/a><\/td>\n<td style=\"border-color: #ffffff;border-style: solid;border-width: 1px\"><a href=\"https:\/\/www.facet.unt.edu.ar\/facetinforma\/wp-content\/uploads\/sites\/9\/2013\/10\/Foto-22.png\"><img decoding=\"async\" loading=\"lazy\" class=\"aligncenter size-full wp-image-4669\" title=\"Foto 2\" src=\"https:\/\/www.facet.unt.edu.ar\/facetinforma\/wp-content\/uploads\/sites\/9\/2013\/10\/Foto-22.png\" alt=\"\" width=\"250\" height=\"141\" \/><\/a><\/td>\n<\/tr>\n<tr>\n<td style=\"border-color: #ffffff;border-style: solid;border-width: 1px\"><a href=\"https:\/\/www.facet.unt.edu.ar\/facetinforma\/wp-content\/uploads\/sites\/9\/2013\/10\/Foto-35.png\"><img decoding=\"async\" loading=\"lazy\" class=\"aligncenter size-full wp-image-4670\" title=\"Foto 3\" src=\"https:\/\/www.facet.unt.edu.ar\/facetinforma\/wp-content\/uploads\/sites\/9\/2013\/10\/Foto-35.png\" alt=\"\" width=\"250\" height=\"141\" \/><\/a><\/td>\n<td style=\"border-color: #ffffff;border-style: solid;border-width: 1px\"><a href=\"https:\/\/www.facet.unt.edu.ar\/facetinforma\/wp-content\/uploads\/sites\/9\/2013\/10\/Foto-41.png\"><img decoding=\"async\" loading=\"lazy\" class=\"aligncenter size-full wp-image-4671\" title=\"Foto 4\" src=\"https:\/\/www.facet.unt.edu.ar\/facetinforma\/wp-content\/uploads\/sites\/9\/2013\/10\/Foto-41.png\" alt=\"\" width=\"250\" height=\"141\" \/><\/a><\/td>\n<\/tr>\n<\/tbody>\n<\/table>\n<h6><span style=\"font-size: x-small;font-family: times new roman,times\">&#8212;<\/span><\/h6>\n<h6><span style=\"font-size: x-small;font-family: times new roman,times\">Lic. Claudia Mastracchio<\/span><\/h6>\n<div id=\"dc_vk_code\">\u00a0<\/div>\n","protected":false},"excerpt":{"rendered":"<p>Es importante acercar a los ni\u00f1os al mundo natural y darles la posibilidad del contacto directo con el medio que los rodea, siendo fundamental ense\u00f1arles sobre los distintos tipos de ambientes y los seres vivos que habitan en \u00e9l.\u00a0 Por ello, se arm\u00f3 con los ni\u00f1os una pecera y todos los d\u00edas se encargan de [&hellip;]<\/p>\n","protected":false},"author":6,"featured_media":0,"comment_status":"closed","ping_status":"open","sticky":false,"template":"","format":"standard","meta":[],"categories":[5],"tags":[],"_links":{"self":[{"href":"https:\/\/www.facet.unt.edu.ar\/facetinforma\/wp-json\/wp\/v2\/posts\/4667"}],"collection":[{"href":"https:\/\/www.facet.unt.edu.ar\/facetinforma\/wp-json\/wp\/v2\/posts"}],"about":[{"href":"https:\/\/www.facet.unt.edu.ar\/facetinforma\/wp-json\/wp\/v2\/types\/post"}],"author":[{"embeddable":true,"href":"https:\/\/www.facet.unt.edu.ar\/facetinforma\/wp-json\/wp\/v2\/users\/6"}],"replies":[{"embeddable":true,"href":"https:\/\/www.facet.unt.edu.ar\/facetinforma\/wp-json\/wp\/v2\/comments?post=4667"}],"version-history":[{"count":0,"href":"https:\/\/www.facet.unt.edu.ar\/facetinforma\/wp-json\/wp\/v2\/posts\/4667\/revisions"}],"wp:attachment":[{"href":"https:\/\/www.facet.unt.edu.ar\/facetinforma\/wp-json\/wp\/v2\/media?parent=4667"}],"wp:term":[{"taxonomy":"category","embeddable":true,"href":"https:\/\/www.facet.unt.edu.ar\/facetinforma\/wp-json\/wp\/v2\/categories?post=4667"},{"taxonomy":"post_tag","embeddable":true,"href":"https:\/\/www.facet.unt.edu.ar\/facetinforma\/wp-json\/wp\/v2\/tags?post=4667"}],"curies":[{"name":"wp","href":"https:\/\/api.w.org\/{rel}","templated":true}]}}