{"id":4689,"date":"2013-10-18T13:37:40","date_gmt":"2013-10-18T13:37:40","guid":{"rendered":"http:\/\/www1.herrera.unt.edu.ar\/facetinforma\/?p=4689"},"modified":"2013-10-18T13:37:40","modified_gmt":"2013-10-18T13:37:40","slug":"llamados-a-concursos-direccion-del-consejo-de-escuelas-experimentales-de-la-unt","status":"publish","type":"post","link":"https:\/\/www.facet.unt.edu.ar\/facetinforma\/2013\/10\/18\/llamados-a-concursos-direccion-del-consejo-de-escuelas-experimentales-de-la-unt\/","title":{"rendered":"Llamado a Concurso \u2013 Direcci\u00f3n del Consejo de Escuelas Experimentales de la UNT"},"content":{"rendered":"<p style=\"text-align: justify\">La Direcci\u00f3n del Consejo de Escuelas Experimentales llama a concurso p\u00fablico de antecedentes (t\u00edtulos y m\u00e9ritos) y oposici\u00f3n para cubrir el cargo de Vicedirector (turno noche) del Instituto T\u00e9cnico de la Universidad Nacional de Tucum\u00e1n.<\/p>\n<p style=\"text-align: justify\"><strong><span style=\"text-decoration: underline\">Periodo de Inscripci\u00f3n<\/span><\/strong>: 15 de Octubre al 04 de Noviembre de 2013 de 8:00 a 12:00 hs.<\/p>\n<p style=\"text-align: justify\"><strong><span style=\"text-decoration: underline\">Informes e Inscripci\u00f3n<\/span><\/strong>: Direcci\u00f3n del Consejo de Escuelas Experimentales de la UNT, Lamadrid N\u00ba 887, Entrepiso, San Miguel de Tucum\u00e1n.<\/p>\n","protected":false},"excerpt":{"rendered":"<p>La Direcci\u00f3n del Consejo de Escuelas Experimentales llama a concurso p\u00fablico de antecedentes (t\u00edtulos y m\u00e9ritos) y oposici\u00f3n para cubrir el cargo de Vicedirector (turno noche) del Instituto T\u00e9cnico de la Universidad Nacional de Tucum\u00e1n. Periodo de Inscripci\u00f3n: 15 de Octubre al 04 de Noviembre de 2013 de 8:00 a 12:00 hs. Informes e Inscripci\u00f3n: [&hellip;]<\/p>\n","protected":false},"author":6,"featured_media":0,"comment_status":"closed","ping_status":"open","sticky":false,"template":"","format":"standard","meta":[],"categories":[5],"tags":[],"_links":{"self":[{"href":"https:\/\/www.facet.unt.edu.ar\/facetinforma\/wp-json\/wp\/v2\/posts\/4689"}],"collection":[{"href":"https:\/\/www.facet.unt.edu.ar\/facetinforma\/wp-json\/wp\/v2\/posts"}],"about":[{"href":"https:\/\/www.facet.unt.edu.ar\/facetinforma\/wp-json\/wp\/v2\/types\/post"}],"author":[{"embeddable":true,"href":"https:\/\/www.facet.unt.edu.ar\/facetinforma\/wp-json\/wp\/v2\/users\/6"}],"replies":[{"embeddable":true,"href":"https:\/\/www.facet.unt.edu.ar\/facetinforma\/wp-json\/wp\/v2\/comments?post=4689"}],"version-history":[{"count":0,"href":"https:\/\/www.facet.unt.edu.ar\/facetinforma\/wp-json\/wp\/v2\/posts\/4689\/revisions"}],"wp:attachment":[{"href":"https:\/\/www.facet.unt.edu.ar\/facetinforma\/wp-json\/wp\/v2\/media?parent=4689"}],"wp:term":[{"taxonomy":"category","embeddable":true,"href":"https:\/\/www.facet.unt.edu.ar\/facetinforma\/wp-json\/wp\/v2\/categories?post=4689"},{"taxonomy":"post_tag","embeddable":true,"href":"https:\/\/www.facet.unt.edu.ar\/facetinforma\/wp-json\/wp\/v2\/tags?post=4689"}],"curies":[{"name":"wp","href":"https:\/\/api.w.org\/{rel}","templated":true}]}}