{"id":4703,"date":"2013-10-18T19:40:26","date_gmt":"2013-10-18T19:40:26","guid":{"rendered":"http:\/\/www1.herrera.unt.edu.ar\/facetinforma\/?p=4703"},"modified":"2013-10-18T19:40:26","modified_gmt":"2013-10-18T19:40:26","slug":"exactas-para-todos-en-aguilares","status":"publish","type":"post","link":"https:\/\/www.facet.unt.edu.ar\/facetinforma\/2013\/10\/18\/exactas-para-todos-en-aguilares\/","title":{"rendered":"Exactas para Todos en Aguilares"},"content":{"rendered":"<p style=\"text-align: justify\">Durante los d\u00edas Jueves 10 y Viernes 11 de Octubre del corriente, la Facultad de Ciencias Exactas y Tecnolog\u00eda de la Universidad Nacional\u00a0de Tucum\u00e1n junto al Ministerio de Educaci\u00f3n de la Provincia de Tucum\u00e1n, el Instituto T\u00e9cnico de Aguilares (UNT) y \u00a0la\u00a0Municipalidad\u00a0de dicha ciudad, llevaron a cabo de manera exitosa la muestra de la oferta cient\u00edfico tecnol\u00f3gica de dicha facultad, destinada principalmente a alumnos del nivel medio del sur de la Provincia.<\/p>\n<p style=\"text-align: justify\">Esta actividad se enmarca dentro de la pol\u00edtica inclusiva de la UNT de acercar su labor al interior de la provincia a fin de mejorar la articulaci\u00f3n con los alumnos del nivel medio en su lugar de origen.<\/p>\n<p style=\"text-align: justify\">Para ello, la FACET\u00a0llev\u00f3 a cabo una importante labor log\u00edstica para trasladar su tradicional muestra Exactas para Todos a las instalaciones del Instituto T\u00e9cnico de Aguilares que obr\u00f3 de anfitri\u00f3n de la misma. \u00a0\u00a0\u00a0 <!--more--><\/p>\n<p style=\"text-align: justify\">Durante el acto de inauguraci\u00f3n que cont\u00f3 con la presencia de las m\u00e1ximas autoridades de la FACET, presidida por el Sr. Decano Ing. Sergio Jos\u00e9 Pagani, la Directora del ITA Lic. Lina T\u00e1rtalo y del Sr-. Intendente de la Ciudad de Aguilares Agust\u00edn Fern\u00e1ndez se puso de manifiesto la importancia de la muestra y de facilitar a los alumnos de las zonas aleda\u00f1as la oferta acad\u00e9mica de la FACET.<\/p>\n<p style=\"text-align: justify\">La muestra que const\u00f3 con stands y la presencia de docentes y alumnos de las 19 carreras que se dictan en dicha Facultad m\u00e1s la presencia de los tutores\u00a0estudiantiles\u00a0de \u00e9sta, fue visitada masivamente por alumnos de escuelas y colegios de distintas localidades del sur de la provincia.<\/p>\n<table style=\"width: 798px;height: 211px\" border=\"0\">\n<tbody>\n<tr>\n<td style=\"border-color: #ffffff;border-style: solid;border-width: 1px\"><a href=\"https:\/\/www.facet.unt.edu.ar\/facetinforma\/wp-content\/uploads\/sites\/9\/2013\/10\/Gr\u00e1fico1.png\"><img decoding=\"async\" loading=\"lazy\" class=\"aligncenter size-full wp-image-4704\" title=\"Gr\u00e1fico1\" src=\"https:\/\/www.facet.unt.edu.ar\/facetinforma\/wp-content\/uploads\/sites\/9\/2013\/10\/Gr\u00e1fico1.png\" alt=\"\" width=\"250\" height=\"188\" \/><\/a><\/td>\n<td style=\"border-color: #ffffff;border-style: solid;border-width: 1px\"><a href=\"https:\/\/www.facet.unt.edu.ar\/facetinforma\/wp-content\/uploads\/sites\/9\/2013\/10\/Gr\u00e1fico2.png\"><img decoding=\"async\" loading=\"lazy\" class=\"aligncenter size-full wp-image-4705\" title=\"Gr\u00e1fico2\" src=\"https:\/\/www.facet.unt.edu.ar\/facetinforma\/wp-content\/uploads\/sites\/9\/2013\/10\/Gr\u00e1fico2.png\" alt=\"\" width=\"250\" height=\"188\" \/><\/a><\/td>\n<\/tr>\n<\/tbody>\n<\/table>\n","protected":false},"excerpt":{"rendered":"<p>Durante los d\u00edas Jueves 10 y Viernes 11 de Octubre del corriente, la Facultad de Ciencias Exactas y Tecnolog\u00eda de la Universidad Nacional\u00a0de Tucum\u00e1n junto al Ministerio de Educaci\u00f3n de la Provincia de Tucum\u00e1n, el Instituto T\u00e9cnico de Aguilares (UNT) y \u00a0la\u00a0Municipalidad\u00a0de dicha ciudad, llevaron a cabo de manera exitosa la muestra de la oferta [&hellip;]<\/p>\n","protected":false},"author":6,"featured_media":0,"comment_status":"closed","ping_status":"open","sticky":false,"template":"","format":"standard","meta":[],"categories":[5],"tags":[],"_links":{"self":[{"href":"https:\/\/www.facet.unt.edu.ar\/facetinforma\/wp-json\/wp\/v2\/posts\/4703"}],"collection":[{"href":"https:\/\/www.facet.unt.edu.ar\/facetinforma\/wp-json\/wp\/v2\/posts"}],"about":[{"href":"https:\/\/www.facet.unt.edu.ar\/facetinforma\/wp-json\/wp\/v2\/types\/post"}],"author":[{"embeddable":true,"href":"https:\/\/www.facet.unt.edu.ar\/facetinforma\/wp-json\/wp\/v2\/users\/6"}],"replies":[{"embeddable":true,"href":"https:\/\/www.facet.unt.edu.ar\/facetinforma\/wp-json\/wp\/v2\/comments?post=4703"}],"version-history":[{"count":0,"href":"https:\/\/www.facet.unt.edu.ar\/facetinforma\/wp-json\/wp\/v2\/posts\/4703\/revisions"}],"wp:attachment":[{"href":"https:\/\/www.facet.unt.edu.ar\/facetinforma\/wp-json\/wp\/v2\/media?parent=4703"}],"wp:term":[{"taxonomy":"category","embeddable":true,"href":"https:\/\/www.facet.unt.edu.ar\/facetinforma\/wp-json\/wp\/v2\/categories?post=4703"},{"taxonomy":"post_tag","embeddable":true,"href":"https:\/\/www.facet.unt.edu.ar\/facetinforma\/wp-json\/wp\/v2\/tags?post=4703"}],"curies":[{"name":"wp","href":"https:\/\/api.w.org\/{rel}","templated":true}]}}