{"id":4722,"date":"2013-10-21T16:45:35","date_gmt":"2013-10-21T16:45:35","guid":{"rendered":"http:\/\/www1.herrera.unt.edu.ar\/facetinforma\/?p=4722"},"modified":"2013-10-21T16:45:35","modified_gmt":"2013-10-21T16:45:35","slug":"busqueda-laboral-laya-consultores-2","status":"publish","type":"post","link":"https:\/\/www.facet.unt.edu.ar\/facetinforma\/2013\/10\/21\/busqueda-laboral-laya-consultores-2\/","title":{"rendered":"B\u00fasqueda Laboral LAYA Consultores"},"content":{"rendered":"<p style=\"text-align: justify\">Laya Consultores, empresa l\u00edder en desarrollos para soluciones de IT, est\u00e1n buscando incorporar profesionales IT para trabajar en forma remota con buena predisposici\u00f3n para trabajar en equipo, capacidad para resolver conflictos de manera aut\u00f3noma y flexibilidad para adaptarse a diferentes entornos, negocios y tecnolog\u00eda:<\/p>\n<p style=\"text-align: justify\"><span style=\"text-decoration: underline\">Perfil 1 \u2013 Analista Programador Genexus<\/span><br \/>Experiencia Requerida: 1. Programaci\u00f3n en Genexus Senior, m\u00ednimo 3 a\u00f1os de experiencia \u2013 2. SqlServer, MySql.<\/p>\n<p style=\"text-align: justify\"><span style=\"text-decoration: underline\">Perfil 2 \u2013 Analista Programador Senior<\/span><br \/>Experiencia Requerida: 1. Programaci\u00f3n, m\u00ednimo 3 a\u00f1os de experiencia. \u2013 2. SqlServer, MySql. \u2013 3. Desarrollo de Aplicaciones Web.<\/p>\n<p style=\"text-align: justify\"><span style=\"text-decoration: underline\">En todos los perfiles se valorara las siguientes habilidades Personales:<\/span><br \/>\u00d8 Trabajo en equipo, Flexibilidad, Proactividad y Dinamismo, Adaptabilidad, Compromiso y Responsabilidad.\u00a0\u00a0 <!--more--><\/p>\n<p style=\"text-align: justify\">Los interesados deben enviar su CV hasta el <strong>Lunes 4 de Noviembre de 2013<\/strong> a <a href=\"mailto:sae.facet@gmail.com\" target=\"_blank\">sae.facet@gmail.com<\/a> destacando en el Asunto del mail las palabras: \u201cPERFIL 1&#8243;, \u00f3 \u201cPERFIL 2\u201d seg\u00fan corresponda.<\/p>\n<p style=\"text-align: justify\">Adjuntar el CV con el formato: DNI-NombreCompleto.doc \u00f3 DNI-NombreCompleto.pdf. Ejemplo: 12345678-MarianaGarcia.xls<\/p>\n<p style=\"text-align: justify\">IMPORTANTE: NO SE RECIBIR\u00c1N ARCHIVOS DE M\u00c1S DE 500 KB.<\/p>\n<p style=\"text-align: justify\">Atentamente,<\/p>\n<h6><span style=\"font-size: x-small;font-family: times new roman,times\">&#8212;<\/span><br \/><span style=\"font-size: x-small;font-family: times new roman,times\"> Ing. Marcelo Emilio Leiva<\/span><br \/><span style=\"font-size: x-small;font-family: times new roman,times\"> Coordinador de Becas y Pasant\u00edas<\/span><br \/><span style=\"font-size: x-small;font-family: times new roman,times\"> Secretar\u00eda de Bienestar Estudiantil<\/span><br \/><span style=\"font-size: x-small;font-family: times new roman,times\"> Facultad de Ciencias Exactas y Tecnolog\u00eda<\/span><br \/><span style=\"font-size: x-small;font-family: times new roman,times\">Universidad Nacional de Tucum\u00e1n<\/span><\/h6>\n<p style=\"text-align: justify\">PD: Se adjunta Aviso de la Convocatoria:- <a href=\"https:\/\/www.facet.unt.edu.ar\/facetinforma\/wp-content\/uploads\/sites\/9\/2013\/10\/Aviso-Busqueda-Laboral-LAYA-CONSULTORES.pdf\" target=\"_blank\">Aviso &#8211; B\u00fasqueda Laboral &#8211; LAYA CONSULTORES.pdf<\/a><\/p>\n<div id=\"dc_vk_code\">\u00a0<\/div>\n","protected":false},"excerpt":{"rendered":"<p>Laya Consultores, empresa l\u00edder en desarrollos para soluciones de IT, est\u00e1n buscando incorporar profesionales IT para trabajar en forma remota con buena predisposici\u00f3n para trabajar en equipo, capacidad para resolver conflictos de manera aut\u00f3noma y flexibilidad para adaptarse a diferentes entornos, negocios y tecnolog\u00eda: Perfil 1 \u2013 Analista Programador GenexusExperiencia Requerida: 1. Programaci\u00f3n en Genexus [&hellip;]<\/p>\n","protected":false},"author":6,"featured_media":0,"comment_status":"closed","ping_status":"open","sticky":false,"template":"","format":"standard","meta":[],"categories":[5,6],"tags":[],"_links":{"self":[{"href":"https:\/\/www.facet.unt.edu.ar\/facetinforma\/wp-json\/wp\/v2\/posts\/4722"}],"collection":[{"href":"https:\/\/www.facet.unt.edu.ar\/facetinforma\/wp-json\/wp\/v2\/posts"}],"about":[{"href":"https:\/\/www.facet.unt.edu.ar\/facetinforma\/wp-json\/wp\/v2\/types\/post"}],"author":[{"embeddable":true,"href":"https:\/\/www.facet.unt.edu.ar\/facetinforma\/wp-json\/wp\/v2\/users\/6"}],"replies":[{"embeddable":true,"href":"https:\/\/www.facet.unt.edu.ar\/facetinforma\/wp-json\/wp\/v2\/comments?post=4722"}],"version-history":[{"count":0,"href":"https:\/\/www.facet.unt.edu.ar\/facetinforma\/wp-json\/wp\/v2\/posts\/4722\/revisions"}],"wp:attachment":[{"href":"https:\/\/www.facet.unt.edu.ar\/facetinforma\/wp-json\/wp\/v2\/media?parent=4722"}],"wp:term":[{"taxonomy":"category","embeddable":true,"href":"https:\/\/www.facet.unt.edu.ar\/facetinforma\/wp-json\/wp\/v2\/categories?post=4722"},{"taxonomy":"post_tag","embeddable":true,"href":"https:\/\/www.facet.unt.edu.ar\/facetinforma\/wp-json\/wp\/v2\/tags?post=4722"}],"curies":[{"name":"wp","href":"https:\/\/api.w.org\/{rel}","templated":true}]}}