{"id":4731,"date":"2013-10-22T10:27:23","date_gmt":"2013-10-22T10:27:23","guid":{"rendered":"http:\/\/www1.herrera.unt.edu.ar\/facetinforma\/?p=4731"},"modified":"2013-10-22T10:27:23","modified_gmt":"2013-10-22T10:27:23","slug":"invitacion-al-evento-noches-de-musica-y-ciencia","status":"publish","type":"post","link":"https:\/\/www.facet.unt.edu.ar\/facetinforma\/2013\/10\/22\/invitacion-al-evento-noches-de-musica-y-ciencia\/","title":{"rendered":"Invitaci\u00f3n al Evento \u201cNoches de M\u00fasica y Ciencia\u201d"},"content":{"rendered":"<p style=\"text-align: justify\">El Ministerio de Ciencia Tecnolog\u00eda e Innovaci\u00f3n Productiva de la Naci\u00f3n (MINCyT), la Secretar\u00eda de Estado de Innovaci\u00f3n y Desarrollo Tecnol\u00f3gico de la Pcia. (SIDETEC) y el ENTE CULTURAL TUCUMAN, invitan al evento <strong>\u201cNoches de M\u00fasica y Ciencia\u201d\u00a0<\/strong>a realizarse ma\u00f1ana, <strong>23 de octubre<\/strong> a las <strong>21 hs<\/strong> en el <strong>Teatro San Mart\u00edn,<\/strong> sito en Avda. Sarmiento 601 de San Miguel de Tucum\u00e1n.<\/p>\n<p style=\"text-align: justify\">Esta iniciativa que\u00a0 consiste en\u00a0 una experiencia interdisciplinaria, en donde se combina la m\u00fasica con la ciencia, se desarrolla en el marco de TECTV FEDERAL, la propuesta nacional del canal de ciencia que lleva sus actividades y programaci\u00f3n a diferentes puntos del pa\u00eds, con el objetivo de popularizar la ciencia y tambi\u00e9n de fomentar el desarrollo de capacidades locales en materia de comunicaci\u00f3n y expresi\u00f3n.\u00a0\u00a0 <!--more--><\/p>\n<p style=\"text-align: justify\">En esta oportunidad, nos visitar\u00e1 el prestigioso pianista argentino Horacio Lavandera, quien junto al Dr. en Matem\u00e1ticas Pablo Amster nos\u00a0permitir\u00e1n comprender conceptos musicales en t\u00e9rminos cient\u00edficos en un ambiente ameno, fuera del contexto acad\u00e9mico y destinado a un p\u00fablico no especialista.<\/p>\n<p style=\"text-align: justify\">La entrada es libre y gratuita.<\/p>\n<p style=\"text-align: justify\">Esperamos contar con valiosa participaci\u00f3n.<\/p>\n<p style=\"text-align: justify\"><a href=\"https:\/\/www.facet.unt.edu.ar\/facetinforma\/wp-content\/uploads\/sites\/9\/2013\/10\/Ciencia-y-m\u00fasica1.jpg\"><img decoding=\"async\" loading=\"lazy\" class=\"aligncenter  wp-image-4732\" title=\"Ciencia y m\u00fasica\" src=\"https:\/\/www.facet.unt.edu.ar\/facetinforma\/wp-content\/uploads\/sites\/9\/2013\/10\/Ciencia-y-m\u00fasica1-683x1024.jpg\" alt=\"\" width=\"436\" height=\"651\" \/><\/a><\/p>\n","protected":false},"excerpt":{"rendered":"<p>El Ministerio de Ciencia Tecnolog\u00eda e Innovaci\u00f3n Productiva de la Naci\u00f3n (MINCyT), la Secretar\u00eda de Estado de Innovaci\u00f3n y Desarrollo Tecnol\u00f3gico de la Pcia. (SIDETEC) y el ENTE CULTURAL TUCUMAN, invitan al evento \u201cNoches de M\u00fasica y Ciencia\u201d\u00a0a realizarse ma\u00f1ana, 23 de octubre a las 21 hs en el Teatro San Mart\u00edn, sito en Avda. [&hellip;]<\/p>\n","protected":false},"author":6,"featured_media":0,"comment_status":"closed","ping_status":"open","sticky":false,"template":"","format":"standard","meta":[],"categories":[5],"tags":[],"_links":{"self":[{"href":"https:\/\/www.facet.unt.edu.ar\/facetinforma\/wp-json\/wp\/v2\/posts\/4731"}],"collection":[{"href":"https:\/\/www.facet.unt.edu.ar\/facetinforma\/wp-json\/wp\/v2\/posts"}],"about":[{"href":"https:\/\/www.facet.unt.edu.ar\/facetinforma\/wp-json\/wp\/v2\/types\/post"}],"author":[{"embeddable":true,"href":"https:\/\/www.facet.unt.edu.ar\/facetinforma\/wp-json\/wp\/v2\/users\/6"}],"replies":[{"embeddable":true,"href":"https:\/\/www.facet.unt.edu.ar\/facetinforma\/wp-json\/wp\/v2\/comments?post=4731"}],"version-history":[{"count":0,"href":"https:\/\/www.facet.unt.edu.ar\/facetinforma\/wp-json\/wp\/v2\/posts\/4731\/revisions"}],"wp:attachment":[{"href":"https:\/\/www.facet.unt.edu.ar\/facetinforma\/wp-json\/wp\/v2\/media?parent=4731"}],"wp:term":[{"taxonomy":"category","embeddable":true,"href":"https:\/\/www.facet.unt.edu.ar\/facetinforma\/wp-json\/wp\/v2\/categories?post=4731"},{"taxonomy":"post_tag","embeddable":true,"href":"https:\/\/www.facet.unt.edu.ar\/facetinforma\/wp-json\/wp\/v2\/tags?post=4731"}],"curies":[{"name":"wp","href":"https:\/\/api.w.org\/{rel}","templated":true}]}}