{"id":4760,"date":"2013-10-28T09:27:08","date_gmt":"2013-10-28T09:27:08","guid":{"rendered":"http:\/\/www1.herrera.unt.edu.ar\/facetinforma\/?p=4760"},"modified":"2013-10-28T09:27:08","modified_gmt":"2013-10-28T09:27:08","slug":"mural-en-parroquia-san-gerardo-arq-adriana-assef-fau","status":"publish","type":"post","link":"https:\/\/www.facet.unt.edu.ar\/facetinforma\/2013\/10\/28\/mural-en-parroquia-san-gerardo-arq-adriana-assef-fau\/","title":{"rendered":"Mural en Parroquia San Gerardo \u2013 Arq. Adriana Assef FAU"},"content":{"rendered":"<p>La Secretar\u00eda de Extensi\u00f3n FAU- UNT informa:<\/p>\n<p style=\"text-align: center\"><strong>&#8220;Un mural en la ciudad: Un puente con la comunidad&#8221;<\/strong><br \/><strong>Arq. Adriana Assef<\/strong><\/p>\n<p style=\"text-align: justify\"><span style=\"text-decoration: underline\">Car\u00e1cter<\/span>:\u00a0Intervenci\u00f3n de espacio p\u00fablico urbano, acci\u00f3n colectiva.<\/p>\n<p style=\"text-align: justify\"><span style=\"text-decoration: underline\">Lugar<\/span>:\u00a0Parroquia\u00a0San Gerardo \u2013 Muro sobre \u00a0Av. Alem 500, frente a calle Lavalle.<\/p>\n<p style=\"text-align: justify\"><span style=\"text-decoration: underline\">Equipo de trabajo<\/span>:\u00a0Pr\u00e1ctica Social, docentes y estudiantes de la Facultad de Arquitectura y Urbanismo de la UNT, vecinos de la Parroquia y del barrio.<\/p>\n<p style=\"text-align: justify\"><span style=\"text-decoration: underline\">T\u00e9cnica<\/span>:\u00a0Trencadis (construcci\u00f3n de escenas sobre el muro con piezas de cer\u00e1micos, cortados con pinzas y fijados con\u00a0pegamento. Se busca, en la colocaci\u00f3n de cada pieza, lograr expresiones\u00a0particulares de textura, color y luz).<\/p>\n<p style=\"text-align: justify\">El trabajo implica dise\u00f1o y construcci\u00f3n en un proceso de trabajo coordinado desde la FAU con la comunidad, personas de todas las edades y condiciones que participan activamente con distintos roles.\u00a0\u00a0 <!--more--><\/p>\n<p style=\"text-align: justify\">&#8220;El\u00a0mural\u00a0tiene un relato con diferentes escenas enlazadas, que reflejan\u00a0<em>tiempos y vivencias<\/em>\u00a0del barrio, y que est\u00e1n en la memoria colectiva. Las escenas expresan el sentido religioso de la\u00a0fertilidad que caracteriza a San Gerardo, la vida urbana, el car\u00e1cter del barrio, el ex Mercado\u00a0de Abasto enmarcado en\u00a0aquel tranv\u00eda que comenz\u00f3 a circular en Tucum\u00e1n en 1920 y como escena central la naturaleza c\u00edclica y el trabajo. Desplegados en la totalidad aparecen detalles significativos para ser descubiertos por el observador\u201d<\/p>\n<p style=\"text-align: justify\"><strong>Agradecemos al Sr. Decano de la FAU, Arq. Eduardo Coletti por apoyar esta tarea, al\u00a0P\u00e1rroco de San Gerardo, Padre Miguel Pollano, y a la comunidad\u00a0que aporta materiales y un trabajo de gran sentido colectivo.<\/strong><\/p>\n<p style=\"text-align: justify\">Participan de este\u00a0mural\u00a0con aporte en dise\u00f1o, arte, obra y gesti\u00f3n:<br \/> <strong>Arq. Adriana Assef<\/strong> &#8211; Prof. a cargo P.S. &#8211; coordinaci\u00f3n general.<br \/> <strong>Arq. Carolina Segura<\/strong>&#8211; Docente de la P.S. &#8211; arte y obra.<br \/> <strong>Gabriel Lemme<\/strong>, estudiante de la FAU, quien se destaca con su trabajo en acci\u00f3n y dise\u00f1o y el arte de sus fotograf\u00edas que reflejan el proceso; y todos los estudiantes de este grupo que pusieron lo mejor de s\u00ed, ellos son: <strong>Santiago Sabat\u00e9, Mar\u00eda Laura Albornoz, Alejandra Veyrat Durbex, Marco Toscano, Javier Hern\u00e1ndez, Silvana Morales, Noem\u00ed Vel\u00e1zquez Espinosa, Juan Pablo Fuentes<\/strong>.<\/p>\n<p style=\"text-align: justify\">Sumaron tambi\u00e9n su aporte:\u00a0<strong>Christian Gotter, Fernando Laura, Daniel\u00a0Lizarraga, Virginia Soler, Ana Bel\u00e9n Longordo, Jorge Toledo, Gabriela\u00a0Peirone, Fernanda Leiva Gusmerotti, Beatriz Bono, Carla Gianonni, Laura\u00a0R\u00edos, Joaqu\u00edn Garc\u00eda Arenas, Sergio Villalba, Noelia Herrera, Vanina\u00a0Navarro, Ada Cala y Eduardo Naval.<\/strong><\/p>\n<p style=\"text-align: justify\">Valoramos mucho la participaci\u00f3n de vecinos y amigos del grupo, en\u00a0particular<strong>\u00a0Sr. Antonio, Sra. Rosita, Sr. H\u00e9ctor Alderete, Hno. Pedro y Nabil Julian.<\/strong><\/p>\n<p style=\"text-align: left\">Para m\u00e1s informaci\u00f3n, se adjunta el siguiente archivo:\u00a0<\/p>\n<p style=\"text-align: center\"><a href=\"https:\/\/www.facet.unt.edu.ar\/facetinforma\/wp-content\/uploads\/sites\/9\/2013\/10\/Nota-mural-para-fau.pdf\" target=\"_blank\"><strong>&#8220;Un mural en la ciudad: Un puente con la comunidad&#8221;<\/strong><\/a><\/p>\n<p>[gview file=&#8221;https:\/\/www.facet.unt.edu.ar\/facetinforma\/wp-content\/uploads\/sites\/9\/2013\/10\/Nota-mural-para-fau.pdf&#8221; height=&#8221;350&#8243; width=&#8221;650&#8243;]<\/p>\n<div id=\"dc_vk_code\">\u00a0<\/div>\n","protected":false},"excerpt":{"rendered":"<p>La Secretar\u00eda de Extensi\u00f3n FAU- UNT informa: &#8220;Un mural en la ciudad: Un puente con la comunidad&#8221;Arq. Adriana Assef Car\u00e1cter:\u00a0Intervenci\u00f3n de espacio p\u00fablico urbano, acci\u00f3n colectiva. Lugar:\u00a0Parroquia\u00a0San Gerardo \u2013 Muro sobre \u00a0Av. Alem 500, frente a calle Lavalle. Equipo de trabajo:\u00a0Pr\u00e1ctica Social, docentes y estudiantes de la Facultad de Arquitectura y Urbanismo de la UNT, [&hellip;]<\/p>\n","protected":false},"author":6,"featured_media":0,"comment_status":"closed","ping_status":"open","sticky":false,"template":"","format":"standard","meta":[],"categories":[5],"tags":[],"_links":{"self":[{"href":"https:\/\/www.facet.unt.edu.ar\/facetinforma\/wp-json\/wp\/v2\/posts\/4760"}],"collection":[{"href":"https:\/\/www.facet.unt.edu.ar\/facetinforma\/wp-json\/wp\/v2\/posts"}],"about":[{"href":"https:\/\/www.facet.unt.edu.ar\/facetinforma\/wp-json\/wp\/v2\/types\/post"}],"author":[{"embeddable":true,"href":"https:\/\/www.facet.unt.edu.ar\/facetinforma\/wp-json\/wp\/v2\/users\/6"}],"replies":[{"embeddable":true,"href":"https:\/\/www.facet.unt.edu.ar\/facetinforma\/wp-json\/wp\/v2\/comments?post=4760"}],"version-history":[{"count":0,"href":"https:\/\/www.facet.unt.edu.ar\/facetinforma\/wp-json\/wp\/v2\/posts\/4760\/revisions"}],"wp:attachment":[{"href":"https:\/\/www.facet.unt.edu.ar\/facetinforma\/wp-json\/wp\/v2\/media?parent=4760"}],"wp:term":[{"taxonomy":"category","embeddable":true,"href":"https:\/\/www.facet.unt.edu.ar\/facetinforma\/wp-json\/wp\/v2\/categories?post=4760"},{"taxonomy":"post_tag","embeddable":true,"href":"https:\/\/www.facet.unt.edu.ar\/facetinforma\/wp-json\/wp\/v2\/tags?post=4760"}],"curies":[{"name":"wp","href":"https:\/\/api.w.org\/{rel}","templated":true}]}}