{"id":4770,"date":"2013-10-29T16:50:13","date_gmt":"2013-10-29T16:50:13","guid":{"rendered":"http:\/\/www1.herrera.unt.edu.ar\/facetinforma\/?p=4770"},"modified":"2013-10-29T16:50:13","modified_gmt":"2013-10-29T16:50:13","slug":"programa-jovenes-profesionales-2014-arcor%e2%80%8f","status":"publish","type":"post","link":"https:\/\/www.facet.unt.edu.ar\/facetinforma\/2013\/10\/29\/programa-jovenes-profesionales-2014-arcor%e2%80%8f\/","title":{"rendered":"Programa J\u00f3venes Profesionales 2014 ARCOR\u200f"},"content":{"rendered":"<p style=\"text-align: justify\">La Facultad de Ciencias Exactas y Tecnolog\u00eda (FACET) de la Universidad Nacional de Tucum\u00e1n (UNT) y el Grupo ARCOR, empresa multinacional l\u00edder en productos de consumo masivo te invitan a participar de la Charla Presentaci\u00f3n de su Programa de J\u00f3venes Profesionales 2014.<\/p>\n<p style=\"text-align: center\"><strong>CHARLA PRESENTACI\u00d3N DEL PROGRAMA:<\/strong><br \/><strong> MARTES 5 DE NOVIEMBRE DE 2013 \u2013 12:00 HS.<\/strong><br \/><strong>SALA DE MEDIOS AUDIOVISUALES \u2013 1\u00ba PISO \u2013 BLOCK 3<\/strong><\/p>\n<p style=\"text-align: justify\">Destinado a Alumno\/as de 4\u00ba y 5\u00ba A\u00f1o o recientemente Graduado\/as de las Carreras de Ingenier\u00eda El\u00e9ctrica, Ingenier\u00eda Electr\u00f3nica, Ingenier\u00eda Industrial, Ingenier\u00eda Mec\u00e1nica e Ingenier\u00eda Qu\u00edmica.\u00a0\u00a0 <!--more--><\/p>\n<p style=\"text-align: justify\">Los interesados en participar de la Charla, deben enviar un mail hasta el Domingo 3 de Noviembre de 2013 a <a href=\"mailto:sae.facet@gmail.com\" target=\"_blank\">sae.facet@gmail.com<\/a> destacando en el Asunto las palabras: \u201cARCOR \u2013 DNI \u2013 NOMBRE COMPLETO \u2013 CARRERA&#8221;. Ejemplo: \u201cARCOR \u2013 12345678 \u2013 Mariana Garcia \u2013 Ing. Qu\u00edmica\u201d<\/p>\n<p style=\"text-align: justify\">Atentamente,<\/p>\n<h6><span style=\"font-size: x-small;font-family: times new roman,times\">&#8212; <\/span><br \/><span style=\"font-size: x-small;font-family: times new roman,times\"> Ing. Marcelo Emilio Leiva<\/span><br \/><span style=\"font-size: x-small;font-family: times new roman,times\"> Coordinador de Becas y Pasant\u00edas<\/span><br \/><span style=\"font-size: x-small;font-family: times new roman,times\"> Secretar\u00eda de Bienestar Estudiantil<\/span><br \/><span style=\"font-size: x-small;font-family: times new roman,times\"> Facultad de Ciencias Exactas y Tecnolog\u00eda<\/span><br \/><span style=\"font-size: x-small;font-family: times new roman,times\">Universidad Nacional de Tucum\u00e1n<\/span><\/h6>\n<p>PD: Se adjunta Aviso de la Convocatoria: &#8211; <a href=\"https:\/\/www.facet.unt.edu.ar\/facetinforma\/wp-content\/uploads\/sites\/9\/2013\/10\/Aviso-Charla-Programa-Jovenes-Profesionales-2014-ARCOR.pdf\" target=\"_blank\">Charla Programa J\u00f3venes Profesionales 2014 \u2013 ARCOR.pdf<\/a><\/p>\n","protected":false},"excerpt":{"rendered":"<p>La Facultad de Ciencias Exactas y Tecnolog\u00eda (FACET) de la Universidad Nacional de Tucum\u00e1n (UNT) y el Grupo ARCOR, empresa multinacional l\u00edder en productos de consumo masivo te invitan a participar de la Charla Presentaci\u00f3n de su Programa de J\u00f3venes Profesionales 2014. CHARLA PRESENTACI\u00d3N DEL PROGRAMA: MARTES 5 DE NOVIEMBRE DE 2013 \u2013 12:00 HS.SALA [&hellip;]<\/p>\n","protected":false},"author":6,"featured_media":0,"comment_status":"closed","ping_status":"open","sticky":false,"template":"","format":"standard","meta":[],"categories":[5],"tags":[],"_links":{"self":[{"href":"https:\/\/www.facet.unt.edu.ar\/facetinforma\/wp-json\/wp\/v2\/posts\/4770"}],"collection":[{"href":"https:\/\/www.facet.unt.edu.ar\/facetinforma\/wp-json\/wp\/v2\/posts"}],"about":[{"href":"https:\/\/www.facet.unt.edu.ar\/facetinforma\/wp-json\/wp\/v2\/types\/post"}],"author":[{"embeddable":true,"href":"https:\/\/www.facet.unt.edu.ar\/facetinforma\/wp-json\/wp\/v2\/users\/6"}],"replies":[{"embeddable":true,"href":"https:\/\/www.facet.unt.edu.ar\/facetinforma\/wp-json\/wp\/v2\/comments?post=4770"}],"version-history":[{"count":0,"href":"https:\/\/www.facet.unt.edu.ar\/facetinforma\/wp-json\/wp\/v2\/posts\/4770\/revisions"}],"wp:attachment":[{"href":"https:\/\/www.facet.unt.edu.ar\/facetinforma\/wp-json\/wp\/v2\/media?parent=4770"}],"wp:term":[{"taxonomy":"category","embeddable":true,"href":"https:\/\/www.facet.unt.edu.ar\/facetinforma\/wp-json\/wp\/v2\/categories?post=4770"},{"taxonomy":"post_tag","embeddable":true,"href":"https:\/\/www.facet.unt.edu.ar\/facetinforma\/wp-json\/wp\/v2\/tags?post=4770"}],"curies":[{"name":"wp","href":"https:\/\/api.w.org\/{rel}","templated":true}]}}