{"id":4794,"date":"2013-10-31T21:20:24","date_gmt":"2013-10-31T21:20:24","guid":{"rendered":"http:\/\/www1.herrera.unt.edu.ar\/facetinforma\/?p=4794"},"modified":"2013-10-31T21:20:24","modified_gmt":"2013-10-31T21:20:24","slug":"corte-de-energia-2","status":"publish","type":"post","link":"https:\/\/www.facet.unt.edu.ar\/facetinforma\/2013\/10\/31\/corte-de-energia-2\/","title":{"rendered":"Corte de Energ\u00eda"},"content":{"rendered":"<p style=\"text-align: justify\">Se informa a la comunidad de la FACET, que ma\u00f1ana viernes, <strong>1 de Noviembre<\/strong>, se realizar\u00e1 un corte de energ\u00eda el\u00e9ctrica, debido a tareas de mantenimiento (cambio de un transformador).<\/p>\n<p style=\"text-align: justify\">El corte se realizar\u00e1 en todo el Centro Herrera entre las 7:00 hs y 10:00 hs.<\/p>\n<div id=\"dc_vk_code\">\u00a0<\/div>\n","protected":false},"excerpt":{"rendered":"<p>Se informa a la comunidad de la FACET, que ma\u00f1ana viernes, 1 de Noviembre, se realizar\u00e1 un corte de energ\u00eda el\u00e9ctrica, debido a tareas de mantenimiento (cambio de un transformador). El corte se realizar\u00e1 en todo el Centro Herrera entre las 7:00 hs y 10:00 hs. \u00a0<\/p>\n","protected":false},"author":6,"featured_media":0,"comment_status":"closed","ping_status":"open","sticky":false,"template":"","format":"standard","meta":[],"categories":[5],"tags":[],"_links":{"self":[{"href":"https:\/\/www.facet.unt.edu.ar\/facetinforma\/wp-json\/wp\/v2\/posts\/4794"}],"collection":[{"href":"https:\/\/www.facet.unt.edu.ar\/facetinforma\/wp-json\/wp\/v2\/posts"}],"about":[{"href":"https:\/\/www.facet.unt.edu.ar\/facetinforma\/wp-json\/wp\/v2\/types\/post"}],"author":[{"embeddable":true,"href":"https:\/\/www.facet.unt.edu.ar\/facetinforma\/wp-json\/wp\/v2\/users\/6"}],"replies":[{"embeddable":true,"href":"https:\/\/www.facet.unt.edu.ar\/facetinforma\/wp-json\/wp\/v2\/comments?post=4794"}],"version-history":[{"count":0,"href":"https:\/\/www.facet.unt.edu.ar\/facetinforma\/wp-json\/wp\/v2\/posts\/4794\/revisions"}],"wp:attachment":[{"href":"https:\/\/www.facet.unt.edu.ar\/facetinforma\/wp-json\/wp\/v2\/media?parent=4794"}],"wp:term":[{"taxonomy":"category","embeddable":true,"href":"https:\/\/www.facet.unt.edu.ar\/facetinforma\/wp-json\/wp\/v2\/categories?post=4794"},{"taxonomy":"post_tag","embeddable":true,"href":"https:\/\/www.facet.unt.edu.ar\/facetinforma\/wp-json\/wp\/v2\/tags?post=4794"}],"curies":[{"name":"wp","href":"https:\/\/api.w.org\/{rel}","templated":true}]}}