{"id":4867,"date":"2013-11-08T09:50:30","date_gmt":"2013-11-08T09:50:30","guid":{"rendered":"http:\/\/www1.herrera.unt.edu.ar\/facetinforma\/?p=4867"},"modified":"2013-11-08T09:50:30","modified_gmt":"2013-11-08T09:50:30","slug":"segunda-mesa-de-intercambio-sobre-practicas-academicas-mediadas-por-tic","status":"publish","type":"post","link":"https:\/\/www.facet.unt.edu.ar\/facetinforma\/2013\/11\/08\/segunda-mesa-de-intercambio-sobre-practicas-academicas-mediadas-por-tic\/","title":{"rendered":"Segunda Mesa de Intercambio sobre Pr\u00e1cticas Acad\u00e9micas mediadas por TIC"},"content":{"rendered":"<p style=\"text-align: justify\">Estimados colegas y p\u00fablico en general:<\/p>\n<p style=\"text-align: justify\">Tenemos el agrado de invitarlos a \u00a0participar de los encuentros de la\u00a0<strong>Segunda Mesa de Intercambio de Experiencias sobre Pr\u00e1cticas Acad\u00e9micas mediadas por TIC\u00a0<\/strong>a realizarse los d\u00edas 13 y 14 de noviembre \u00a0de este a\u00f1o en el Sal\u00f3n Anfiteatro del \u00a0Hotel Metropol (24 de setiembre 524), en el horario de 08:30 a 13:00 hs.<\/p>\n<p style=\"text-align: justify\">Cabe se\u00f1alar que debido al aumento de la cantidad de contribuciones hemos ampliado los d\u00edas de la Mesa. Este evento busca ser un espacio para el intercambio y reflexi\u00f3n de docentes y estudiantes sobre sus pr\u00e1cticas mediadas por las TIC y as\u00ed favorecer la constituci\u00f3n de redes de colaboraci\u00f3n. Participar\u00e1n del mismo, representantes de varias facultades, as\u00ed como miembros de distintas organizaciones educativas.<\/p>\n<p style=\"text-align: justify\">Por \u00faltimo, \u00a0informamos que el evento tiene car\u00e1cter gratuito tanto para los expositores como para los asistentes y que se entregar\u00e1n los correspondientes certificados.\u00a0\u00a0 <!--more--><\/p>\n<p style=\"text-align: justify\">A los asistentes les solicitamos ingresar al siguiente enlace y completar all\u00ed sus datos:<\/p>\n<p style=\"text-align: justify\"><a href=\"https:\/\/docs.google.com\/spreadsheet\/viewform?usp=drive_web&amp;formkey=dEs4dzgyaTJyWnZmZEctUy1VNGMybGc6MA#gid=0\" target=\"_blank\">https:\/\/docs.google.com\/spreadsheet\/viewform?usp=drive_web&amp;formkey=dEs4dzgyaTJyWnZmZEctUy1VNGMybGc6MA#gid=0<\/a><\/p>\n<p style=\"text-align: justify\">Se adjunta el programa de actividades: &#8211; <a href=\"https:\/\/www.facet.unt.edu.ar\/facetinforma\/wp-content\/uploads\/sites\/9\/2013\/11\/programa-mesa-de-intercambio.pdf\" target=\"_blank\">Programa mesa de intercambio.pdf<\/a><\/p>\n<p style=\"text-align: justify\">Cordialmente,<\/p>\n<h6><span style=\"font-size: x-small;font-family: times new roman,times\">&#8212; <\/span><br \/><span style=\"font-size: x-small;font-family: times new roman,times\"> Comisi\u00f3n Organizadora<\/span><br \/><span style=\"font-size: x-small;font-family: times new roman,times\"> Segunda Mesa de Intercambio de Experiencias mediadas por TIC<\/span><\/h6>\n<div id=\"dc_vk_code\">\u00a0<\/div>\n","protected":false},"excerpt":{"rendered":"<p>Estimados colegas y p\u00fablico en general: Tenemos el agrado de invitarlos a \u00a0participar de los encuentros de la\u00a0Segunda Mesa de Intercambio de Experiencias sobre Pr\u00e1cticas Acad\u00e9micas mediadas por TIC\u00a0a realizarse los d\u00edas 13 y 14 de noviembre \u00a0de este a\u00f1o en el Sal\u00f3n Anfiteatro del \u00a0Hotel Metropol (24 de setiembre 524), en el horario de [&hellip;]<\/p>\n","protected":false},"author":6,"featured_media":0,"comment_status":"closed","ping_status":"open","sticky":false,"template":"","format":"standard","meta":[],"categories":[5],"tags":[],"_links":{"self":[{"href":"https:\/\/www.facet.unt.edu.ar\/facetinforma\/wp-json\/wp\/v2\/posts\/4867"}],"collection":[{"href":"https:\/\/www.facet.unt.edu.ar\/facetinforma\/wp-json\/wp\/v2\/posts"}],"about":[{"href":"https:\/\/www.facet.unt.edu.ar\/facetinforma\/wp-json\/wp\/v2\/types\/post"}],"author":[{"embeddable":true,"href":"https:\/\/www.facet.unt.edu.ar\/facetinforma\/wp-json\/wp\/v2\/users\/6"}],"replies":[{"embeddable":true,"href":"https:\/\/www.facet.unt.edu.ar\/facetinforma\/wp-json\/wp\/v2\/comments?post=4867"}],"version-history":[{"count":0,"href":"https:\/\/www.facet.unt.edu.ar\/facetinforma\/wp-json\/wp\/v2\/posts\/4867\/revisions"}],"wp:attachment":[{"href":"https:\/\/www.facet.unt.edu.ar\/facetinforma\/wp-json\/wp\/v2\/media?parent=4867"}],"wp:term":[{"taxonomy":"category","embeddable":true,"href":"https:\/\/www.facet.unt.edu.ar\/facetinforma\/wp-json\/wp\/v2\/categories?post=4867"},{"taxonomy":"post_tag","embeddable":true,"href":"https:\/\/www.facet.unt.edu.ar\/facetinforma\/wp-json\/wp\/v2\/tags?post=4867"}],"curies":[{"name":"wp","href":"https:\/\/api.w.org\/{rel}","templated":true}]}}