{"id":4926,"date":"2013-11-12T21:25:52","date_gmt":"2013-11-12T21:25:52","guid":{"rendered":"http:\/\/www1.herrera.unt.edu.ar\/facetinforma\/?p=4926"},"modified":"2013-11-12T21:25:52","modified_gmt":"2013-11-12T21:25:52","slug":"conferencia-taller-el-liderazgo","status":"publish","type":"post","link":"https:\/\/www.facet.unt.edu.ar\/facetinforma\/2013\/11\/12\/conferencia-taller-el-liderazgo\/","title":{"rendered":"Conferencia \u2013 Taller: El Liderazgo"},"content":{"rendered":"<p style=\"text-align: justify\">Organizado por la Secretar\u00eda de Gesti\u00f3n y Extensi\u00f3n de la FACET, el pr\u00f3ximo d\u00eda martes 19 del corriente, en la Sala de Medios Audiovisuales &#8220;Dr. Orlando Bravo&#8221; del decanato de esta Facultad, se llevar\u00e1 a cabo la Conferencia-Taller: El Liderazgo.<\/p>\n<p style=\"text-align: justify\"><span style=\"text-decoration: underline\">Horario<\/span>: 10:30 a 13:00 Hs.<\/p>\n<p style=\"text-align: justify\"><span style=\"text-decoration: underline\">Disertante<\/span>: <strong>Fernando Bach<\/strong>, Empresario, Dirigente Social, Ing. Civil y Prof. de la U.N.T. (*).<\/p>\n<p style=\"text-align: justify\">(*) Postgrado en Econom\u00eda (Beca Bco Mundial);\u00a0\u00a0Liderazgo y Desarrollo Sustentable (INCAE, Harvard en Costa Rica);\u00a0\u00a0Organizaci\u00f3n Educacional (Manhattan Institute N.Y. y en Univ. Del Desarrollo, Chile);\u00a0\u00a0Responsabilidad Social Empresaria\u00a0(Universidades Jesuitas: Javeriana de Bogot\u00e1 y Boston Collage).\u00a0\u00a0 <!--more--><\/p>\n<p><span style=\"text-decoration: underline\">Desarrollo<\/span><strong>:<\/strong><br \/> * QUIEN ES UN(A) \u201cL\u00cdDER\u201d<br \/> * ESCUELA DE LIDERAZGO<br \/> * LIDERAZGO PARA QU\u00c9<br \/> * INGENIER\u00cdA Y LIDERAZGO<br \/> * EL L\u00cdDER PARA PROCESOS DE CAMBIOS<br \/> * SOCIEDADES SUSTENTABLES<\/p>\n<p style=\"text-align: justify\">La entrada es libre y gratuita y se otorgar\u00e1n certificados de asistencia. \u00a0 \u00a0 \u00a0 \u00a0<\/p>\n<p style=\"text-align: justify\"><a href=\"https:\/\/www.facet.unt.edu.ar\/facetinforma\/wp-content\/uploads\/sites\/9\/2013\/11\/Afiche-conferencia-Liderazgo2.png\"><img decoding=\"async\" loading=\"lazy\" class=\"aligncenter  wp-image-4927\" title=\"Afiche Conferencia El Liderazgo\" src=\"https:\/\/www.facet.unt.edu.ar\/facetinforma\/wp-content\/uploads\/sites\/9\/2013\/11\/Afiche-conferencia-Liderazgo2-724x1024.png\" alt=\"\" width=\"312\" height=\"439\" \/><\/a><\/p>\n","protected":false},"excerpt":{"rendered":"<p>Organizado por la Secretar\u00eda de Gesti\u00f3n y Extensi\u00f3n de la FACET, el pr\u00f3ximo d\u00eda martes 19 del corriente, en la Sala de Medios Audiovisuales &#8220;Dr. Orlando Bravo&#8221; del decanato de esta Facultad, se llevar\u00e1 a cabo la Conferencia-Taller: El Liderazgo. Horario: 10:30 a 13:00 Hs. Disertante: Fernando Bach, Empresario, Dirigente Social, Ing. Civil y Prof. [&hellip;]<\/p>\n","protected":false},"author":6,"featured_media":0,"comment_status":"closed","ping_status":"open","sticky":false,"template":"","format":"standard","meta":[],"categories":[5],"tags":[],"_links":{"self":[{"href":"https:\/\/www.facet.unt.edu.ar\/facetinforma\/wp-json\/wp\/v2\/posts\/4926"}],"collection":[{"href":"https:\/\/www.facet.unt.edu.ar\/facetinforma\/wp-json\/wp\/v2\/posts"}],"about":[{"href":"https:\/\/www.facet.unt.edu.ar\/facetinforma\/wp-json\/wp\/v2\/types\/post"}],"author":[{"embeddable":true,"href":"https:\/\/www.facet.unt.edu.ar\/facetinforma\/wp-json\/wp\/v2\/users\/6"}],"replies":[{"embeddable":true,"href":"https:\/\/www.facet.unt.edu.ar\/facetinforma\/wp-json\/wp\/v2\/comments?post=4926"}],"version-history":[{"count":0,"href":"https:\/\/www.facet.unt.edu.ar\/facetinforma\/wp-json\/wp\/v2\/posts\/4926\/revisions"}],"wp:attachment":[{"href":"https:\/\/www.facet.unt.edu.ar\/facetinforma\/wp-json\/wp\/v2\/media?parent=4926"}],"wp:term":[{"taxonomy":"category","embeddable":true,"href":"https:\/\/www.facet.unt.edu.ar\/facetinforma\/wp-json\/wp\/v2\/categories?post=4926"},{"taxonomy":"post_tag","embeddable":true,"href":"https:\/\/www.facet.unt.edu.ar\/facetinforma\/wp-json\/wp\/v2\/tags?post=4926"}],"curies":[{"name":"wp","href":"https:\/\/api.w.org\/{rel}","templated":true}]}}