{"id":4970,"date":"2013-11-21T10:33:44","date_gmt":"2013-11-21T10:33:44","guid":{"rendered":"http:\/\/www1.herrera.unt.edu.ar\/facetinforma\/?p=4970"},"modified":"2013-11-21T10:33:44","modified_gmt":"2013-11-21T10:33:44","slug":"semana-de-la-familia","status":"publish","type":"post","link":"https:\/\/www.facet.unt.edu.ar\/facetinforma\/2013\/11\/21\/semana-de-la-familia\/","title":{"rendered":"Semana de la Familia"},"content":{"rendered":"<p style=\"text-align: justify\">En el mes de Octubre, se festej\u00f3 la Semana de la Familia en el Jard\u00edn Materno Infantil &#8220;El Ladrillito&#8221;, en la cual participaron abuelos, quienes contaron un cuento y an\u00e9cdotas de su infancia; abuelas, quienes realizaron un taller de cocina; los padres, quienes junto a los ni\u00f1os confeccionaron tarjetas para regalar a las mam\u00e1s; y las madres, quienes dibujaron con los ni\u00f1os para la cartelera de la Familia.\u00a0\u00a0\u00a0 <!--more--><\/p>\n<table style=\"width: 795px;height: 378px\" border=\"0\">\n<tbody>\n<tr>\n<td style=\"border-color: #ffffff;border-style: solid;border-width: 1px\"><a href=\"https:\/\/www.facet.unt.edu.ar\/facetinforma\/wp-content\/uploads\/sites\/9\/2013\/11\/20131022_105311.jpg\"><img decoding=\"async\" loading=\"lazy\" class=\"aligncenter size-medium wp-image-4971\" title=\"Foto 1\" src=\"https:\/\/www.facet.unt.edu.ar\/facetinforma\/wp-content\/uploads\/sites\/9\/2013\/11\/20131022_105311-300x168.jpg\" alt=\"\" width=\"300\" height=\"168\" srcset=\"https:\/\/www.facet.unt.edu.ar\/facetinforma\/wp-content\/uploads\/sites\/9\/2013\/11\/20131022_105311-300x168.jpg 300w, https:\/\/www.facet.unt.edu.ar\/facetinforma\/wp-content\/uploads\/sites\/9\/2013\/11\/20131022_105311-1024x576.jpg 1024w\" sizes=\"(max-width: 300px) 100vw, 300px\" \/><\/a><\/td>\n<td style=\"border-color: #ffffff;border-style: solid;border-width: 1px\"><a href=\"https:\/\/www.facet.unt.edu.ar\/facetinforma\/wp-content\/uploads\/sites\/9\/2013\/11\/20131022_104845.jpg\"><img decoding=\"async\" loading=\"lazy\" class=\"aligncenter size-medium wp-image-4972\" title=\"Foto 2\" src=\"https:\/\/www.facet.unt.edu.ar\/facetinforma\/wp-content\/uploads\/sites\/9\/2013\/11\/20131022_104845-300x168.jpg\" alt=\"\" width=\"300\" height=\"168\" srcset=\"https:\/\/www.facet.unt.edu.ar\/facetinforma\/wp-content\/uploads\/sites\/9\/2013\/11\/20131022_104845-300x168.jpg 300w, https:\/\/www.facet.unt.edu.ar\/facetinforma\/wp-content\/uploads\/sites\/9\/2013\/11\/20131022_104845-1024x576.jpg 1024w\" sizes=\"(max-width: 300px) 100vw, 300px\" \/><\/a><\/td>\n<\/tr>\n<tr>\n<td style=\"border-color: #ffffff;border-style: solid;border-width: 1px\"><a href=\"https:\/\/www.facet.unt.edu.ar\/facetinforma\/wp-content\/uploads\/sites\/9\/2013\/11\/20131017_104653.jpg\"><img decoding=\"async\" loading=\"lazy\" class=\"aligncenter size-medium wp-image-4973\" title=\"Foto 3\" src=\"https:\/\/www.facet.unt.edu.ar\/facetinforma\/wp-content\/uploads\/sites\/9\/2013\/11\/20131017_104653-300x168.jpg\" alt=\"\" width=\"300\" height=\"168\" srcset=\"https:\/\/www.facet.unt.edu.ar\/facetinforma\/wp-content\/uploads\/sites\/9\/2013\/11\/20131017_104653-300x168.jpg 300w, https:\/\/www.facet.unt.edu.ar\/facetinforma\/wp-content\/uploads\/sites\/9\/2013\/11\/20131017_104653-1024x576.jpg 1024w\" sizes=\"(max-width: 300px) 100vw, 300px\" \/><\/a><\/td>\n<td style=\"border-color: #ffffff;border-style: solid;border-width: 1px\"><a href=\"https:\/\/www.facet.unt.edu.ar\/facetinforma\/wp-content\/uploads\/sites\/9\/2013\/11\/20131016_105618.jpg\"><img decoding=\"async\" loading=\"lazy\" class=\"aligncenter size-medium wp-image-4974\" title=\"Foto 4\" src=\"https:\/\/www.facet.unt.edu.ar\/facetinforma\/wp-content\/uploads\/sites\/9\/2013\/11\/20131016_105618-300x168.jpg\" alt=\"\" width=\"300\" height=\"168\" srcset=\"https:\/\/www.facet.unt.edu.ar\/facetinforma\/wp-content\/uploads\/sites\/9\/2013\/11\/20131016_105618-300x168.jpg 300w, https:\/\/www.facet.unt.edu.ar\/facetinforma\/wp-content\/uploads\/sites\/9\/2013\/11\/20131016_105618-1024x576.jpg 1024w\" sizes=\"(max-width: 300px) 100vw, 300px\" \/><\/a><\/td>\n<\/tr>\n<\/tbody>\n<\/table>\n<h6><span style=\"font-size: x-small;font-family: times new roman,times\">&#8212;<\/span><\/h6>\n<h6><span style=\"font-size: x-small;font-family: times new roman,times\">Lic. Claudia Mastracchio<\/span><\/h6>\n","protected":false},"excerpt":{"rendered":"<p>En el mes de Octubre, se festej\u00f3 la Semana de la Familia en el Jard\u00edn Materno Infantil &#8220;El Ladrillito&#8221;, en la cual participaron abuelos, quienes contaron un cuento y an\u00e9cdotas de su infancia; abuelas, quienes realizaron un taller de cocina; los padres, quienes junto a los ni\u00f1os confeccionaron tarjetas para regalar a las mam\u00e1s; y [&hellip;]<\/p>\n","protected":false},"author":6,"featured_media":0,"comment_status":"closed","ping_status":"open","sticky":false,"template":"","format":"standard","meta":[],"categories":[5],"tags":[],"_links":{"self":[{"href":"https:\/\/www.facet.unt.edu.ar\/facetinforma\/wp-json\/wp\/v2\/posts\/4970"}],"collection":[{"href":"https:\/\/www.facet.unt.edu.ar\/facetinforma\/wp-json\/wp\/v2\/posts"}],"about":[{"href":"https:\/\/www.facet.unt.edu.ar\/facetinforma\/wp-json\/wp\/v2\/types\/post"}],"author":[{"embeddable":true,"href":"https:\/\/www.facet.unt.edu.ar\/facetinforma\/wp-json\/wp\/v2\/users\/6"}],"replies":[{"embeddable":true,"href":"https:\/\/www.facet.unt.edu.ar\/facetinforma\/wp-json\/wp\/v2\/comments?post=4970"}],"version-history":[{"count":0,"href":"https:\/\/www.facet.unt.edu.ar\/facetinforma\/wp-json\/wp\/v2\/posts\/4970\/revisions"}],"wp:attachment":[{"href":"https:\/\/www.facet.unt.edu.ar\/facetinforma\/wp-json\/wp\/v2\/media?parent=4970"}],"wp:term":[{"taxonomy":"category","embeddable":true,"href":"https:\/\/www.facet.unt.edu.ar\/facetinforma\/wp-json\/wp\/v2\/categories?post=4970"},{"taxonomy":"post_tag","embeddable":true,"href":"https:\/\/www.facet.unt.edu.ar\/facetinforma\/wp-json\/wp\/v2\/tags?post=4970"}],"curies":[{"name":"wp","href":"https:\/\/api.w.org\/{rel}","templated":true}]}}