{"id":4984,"date":"2013-11-21T17:35:32","date_gmt":"2013-11-21T17:35:32","guid":{"rendered":"http:\/\/www1.herrera.unt.edu.ar\/facetinforma\/?p=4984"},"modified":"2013-11-21T17:35:32","modified_gmt":"2013-11-21T17:35:32","slug":"programa-de-jovenes-profesionales-teleperfomance-3","status":"publish","type":"post","link":"https:\/\/www.facet.unt.edu.ar\/facetinforma\/2013\/11\/21\/programa-de-jovenes-profesionales-teleperfomance-3\/","title":{"rendered":"Programa de J\u00f3venes Profesionales TELEPERFOMANCE"},"content":{"rendered":"<p style=\"text-align: justify\">El objetivo del Programa es que durante 6 (seis) meses los ingresantes se capaciten para ocupar posiciones de liderazgo dentro de la empresa. Es decir, Gerentes de Proyectos, Gerentes Operativos, o Gerentes de \u00e1reas satff y posiciones de Jefatura dependiendo del desempe\u00f1o.<\/p>\n<p style=\"text-align: justify\"><span style=\"text-decoration: underline\">REQUISITOS:<\/span><br \/> \u00d8 Edad hasta 29 a\u00f1os.<br \/> \u00d8 Alumno\/as Avanzado\/as que adeuden hasta 3 (tres) Finales\/Tesis o recientemente Graduado\/as de las Carreras de Ing. Biom\u00e9dica, Ing. Civil, Ing. El\u00e9ctrica, Ing. Electr\u00f3nica, Ing. en Computaci\u00f3n, Ing. Industrial, Ing. Mec\u00e1nica, Ing. Qu\u00edmica, Lic. en F\u00edsica, Lic. en Inform\u00e1tica, Lic. en Matem\u00e1tica (Excluyente).<br \/> \u00d8 Calificaciones top 20% de su clase o Promedio Superior a 7 (Deseable).<br \/> \u00d8 Manejo Intermedio de Idioma Ingl\u00e9s (No Excluyente).<br \/> \u00d8 Se valorar\u00e1 experiencia en Liderazgo \/ Involucramiento en Actividades Extracurriculares.<br \/> \u00d8 No es Excluyente que tengan Experiencia Laboral.<br \/> \u00d8 Lugar de Trabajo: San Miguel de Tucum\u00e1n.<br \/> \u00d8 Disponibilidad Horaria: Jornada Laboral de 9 a 18 hs.\u00a0\u00a0 <!--more--><\/p>\n<p style=\"text-align: justify\">Los interesados deben enviar su CV hasta el <strong>Domingo 1 de Diciembre de 2013 <\/strong>a <a href=\"mailto:sae.facet@gmail.com\" target=\"_blank\">sae.facet@gmail.com<\/a> destacando en el Asunto del mail la palabra: \u201cTELEPERFOMANCE&#8221;.<\/p>\n<p style=\"text-align: justify\">Adjuntar el CV con el formato: DNI-NombreCompleto.doc \u00f3 DNI-NombreCompleto.pdf. Ejemplo: 12345678-MarianaGarcia.xls<\/p>\n<p style=\"text-align: justify\">IMPORTANTE: NO SE RECIBIR\u00c1N ARCHIVOS DE M\u00c1S DE 500 KB.<\/p>\n<p style=\"text-align: justify\">Atentamente,<\/p>\n<h6><span style=\"font-size: x-small;font-family: times new roman,times\">&#8212; <\/span><br \/><span style=\"font-size: x-small;font-family: times new roman,times\"> Ing. Marcelo Emilio Leiva<\/span><br \/><span style=\"font-size: x-small;font-family: times new roman,times\"> Coordinador de Becas y Pasant\u00edas<\/span><br \/><span style=\"font-size: x-small;font-family: times new roman,times\"> Secretar\u00eda de Bienestar Estudiantil<\/span><br \/><span style=\"font-size: x-small;font-family: times new roman,times\"> Facultad de Ciencias Exactas y Tecnolog\u00eda<\/span><br \/><span style=\"font-size: x-small;font-family: times new roman,times\">Universidad Nacional de Tucum\u00e1n<\/span><\/h6>\n<p>PD: Se adjunta Aviso de la Convocatoria: &#8211; <a href=\"https:\/\/www.facet.unt.edu.ar\/facetinforma\/wp-content\/uploads\/sites\/9\/2013\/11\/Aviso-Programa-Jovenes-Profesionales-TELEPERFOMANCE.pdf\" target=\"_blank\">Programa J\u00f3venes Profesionales &#8211; TELEPERFOMANCE.pdf<\/a><\/p>\n<div id=\"dc_vk_code\">\u00a0<\/div>\n","protected":false},"excerpt":{"rendered":"<p>El objetivo del Programa es que durante 6 (seis) meses los ingresantes se capaciten para ocupar posiciones de liderazgo dentro de la empresa. Es decir, Gerentes de Proyectos, Gerentes Operativos, o Gerentes de \u00e1reas satff y posiciones de Jefatura dependiendo del desempe\u00f1o. REQUISITOS: \u00d8 Edad hasta 29 a\u00f1os. \u00d8 Alumno\/as Avanzado\/as que adeuden hasta 3 [&hellip;]<\/p>\n","protected":false},"author":6,"featured_media":0,"comment_status":"closed","ping_status":"open","sticky":false,"template":"","format":"standard","meta":[],"categories":[5,6],"tags":[],"_links":{"self":[{"href":"https:\/\/www.facet.unt.edu.ar\/facetinforma\/wp-json\/wp\/v2\/posts\/4984"}],"collection":[{"href":"https:\/\/www.facet.unt.edu.ar\/facetinforma\/wp-json\/wp\/v2\/posts"}],"about":[{"href":"https:\/\/www.facet.unt.edu.ar\/facetinforma\/wp-json\/wp\/v2\/types\/post"}],"author":[{"embeddable":true,"href":"https:\/\/www.facet.unt.edu.ar\/facetinforma\/wp-json\/wp\/v2\/users\/6"}],"replies":[{"embeddable":true,"href":"https:\/\/www.facet.unt.edu.ar\/facetinforma\/wp-json\/wp\/v2\/comments?post=4984"}],"version-history":[{"count":0,"href":"https:\/\/www.facet.unt.edu.ar\/facetinforma\/wp-json\/wp\/v2\/posts\/4984\/revisions"}],"wp:attachment":[{"href":"https:\/\/www.facet.unt.edu.ar\/facetinforma\/wp-json\/wp\/v2\/media?parent=4984"}],"wp:term":[{"taxonomy":"category","embeddable":true,"href":"https:\/\/www.facet.unt.edu.ar\/facetinforma\/wp-json\/wp\/v2\/categories?post=4984"},{"taxonomy":"post_tag","embeddable":true,"href":"https:\/\/www.facet.unt.edu.ar\/facetinforma\/wp-json\/wp\/v2\/tags?post=4984"}],"curies":[{"name":"wp","href":"https:\/\/api.w.org\/{rel}","templated":true}]}}