{"id":5112,"date":"2013-12-09T23:10:13","date_gmt":"2013-12-10T02:10:13","guid":{"rendered":"https:\/\/www.facet.unt.edu.ar\/facetinforma\/?p=5112"},"modified":"2013-12-18T00:51:38","modified_gmt":"2013-12-18T03:51:38","slug":"asueto","status":"publish","type":"post","link":"https:\/\/www.facet.unt.edu.ar\/facetinforma\/2013\/12\/09\/asueto\/","title":{"rendered":"Asueto Administrativo y Acad\u00e9mico"},"content":{"rendered":"<p>Se informa a toda la comunidad de la Facultad de Ciencias Exactas y Tecnolog\u00eda que\u00a0por los motivos de conocimiento p\u00fablico, se ha dispuesto ASUETO ADMINISTRATIVO y ACAD\u00c9MICO el d\u00eda<strong> 10 de Diciembre de 2013<\/strong>.<\/p>\n<p>Atentamente,<\/p>\n<h6><span style=\"font-size: x-small\">&#8212;<\/span><br \/>\n<span style=\"font-size: x-small\"> Ing. Sergio J. Pagani<\/span><br \/>\n<span style=\"font-size: x-small\"> Decano<\/span><br \/>\n<span style=\"font-size: x-small\"> FACET-UNT<\/span><\/h6>\n<div id=\"dc_vk_code\"><\/div>\n","protected":false},"excerpt":{"rendered":"<p>Se informa a toda la comunidad de la Facultad de Ciencias Exactas y Tecnolog\u00eda que\u00a0por los motivos de conocimiento p\u00fablico, se ha dispuesto ASUETO ADMINISTRATIVO y ACAD\u00c9MICO el d\u00eda 10 de Diciembre de 2013. Atentamente, &#8212; Ing. Sergio J. Pagani Decano FACET-UNT<\/p>\n","protected":false},"author":6,"featured_media":0,"comment_status":"closed","ping_status":"closed","sticky":false,"template":"","format":"standard","meta":[],"categories":[5],"tags":[],"_links":{"self":[{"href":"https:\/\/www.facet.unt.edu.ar\/facetinforma\/wp-json\/wp\/v2\/posts\/5112"}],"collection":[{"href":"https:\/\/www.facet.unt.edu.ar\/facetinforma\/wp-json\/wp\/v2\/posts"}],"about":[{"href":"https:\/\/www.facet.unt.edu.ar\/facetinforma\/wp-json\/wp\/v2\/types\/post"}],"author":[{"embeddable":true,"href":"https:\/\/www.facet.unt.edu.ar\/facetinforma\/wp-json\/wp\/v2\/users\/6"}],"replies":[{"embeddable":true,"href":"https:\/\/www.facet.unt.edu.ar\/facetinforma\/wp-json\/wp\/v2\/comments?post=5112"}],"version-history":[{"count":2,"href":"https:\/\/www.facet.unt.edu.ar\/facetinforma\/wp-json\/wp\/v2\/posts\/5112\/revisions"}],"predecessor-version":[{"id":5114,"href":"https:\/\/www.facet.unt.edu.ar\/facetinforma\/wp-json\/wp\/v2\/posts\/5112\/revisions\/5114"}],"wp:attachment":[{"href":"https:\/\/www.facet.unt.edu.ar\/facetinforma\/wp-json\/wp\/v2\/media?parent=5112"}],"wp:term":[{"taxonomy":"category","embeddable":true,"href":"https:\/\/www.facet.unt.edu.ar\/facetinforma\/wp-json\/wp\/v2\/categories?post=5112"},{"taxonomy":"post_tag","embeddable":true,"href":"https:\/\/www.facet.unt.edu.ar\/facetinforma\/wp-json\/wp\/v2\/tags?post=5112"}],"curies":[{"name":"wp","href":"https:\/\/api.w.org\/{rel}","templated":true}]}}