{"id":5202,"date":"2014-02-13T18:40:28","date_gmt":"2014-02-13T21:40:28","guid":{"rendered":"https:\/\/www.facet.unt.edu.ar\/facetinforma\/?p=5202"},"modified":"2014-02-14T14:42:19","modified_gmt":"2014-02-14T17:42:19","slug":"importante-empresa-nacional-lider-en-tecnologia-busqueda-laboral","status":"publish","type":"post","link":"https:\/\/www.facet.unt.edu.ar\/facetinforma\/2014\/02\/13\/importante-empresa-nacional-lider-en-tecnologia-busqueda-laboral\/","title":{"rendered":"Importante Empresa Nacional L\u00edder en Tecnolog\u00eda &#8211; B\u00fasqueda Laboral"},"content":{"rendered":"<p>IMPORTANTE EMPRESA NACIONAL L\u00cdDER EN TECNOLOG\u00cdA busca incorporar Alumno\/as pr\u00f3ximos a Graduarse o recientemente Graduado\/as de la carrera de Ingenier\u00eda Electr\u00f3nica.<\/p>\n<p>REQUISITOS Y\/O CONOCIMIENTOS:<br \/>\n\u00d8 Alumno\/as Avanzado\/as pr\u00f3ximos a graduarse (en los pr\u00f3ximos 6 meses) o recientemente Graduado\/as de la Carrera de Ingenier\u00eda Electr\u00f3nica.<br \/>\n\u00d8 Buen Desempe\u00f1o Acad\u00e9mico.<br \/>\n\u00d8 Promedio mayor o igual a 7.<br \/>\n\u00d8 Disponibilidad para radicarse en el sur del pa\u00eds. \u00a0\u00a0<img decoding=\"async\" title=\"M\u00e1s...\" alt=\"\" src=\"http:\/\/www1.herrera.unt.edu.ar\/facetinforma\/wp-includes\/js\/tinymce\/plugins\/wordpress\/img\/trans.gif\" \/><!--more--><\/p>\n<p>Los interesados deben enviar su CV (incluyendo su Estado Acad\u00e9mico) hasta el <strong>Mi\u00e9rcoles 19 de Febrero de 2014<\/strong> a\u00a0<a href=\"mailto:sae.facet@gmail.com\" target=\"_blank\">sae.facet@gmail.com<\/a>\u00a0destacando en el Asunto del mail la palabra: \u201cTECNOLOGIA&#8221;.<\/p>\n<p>Adjuntar el CV con el formato: DNI-NombreCompleto.doc \u00f3 DNI-NombreCompleto.pdf. Ejemplo: 12345678-MarianaGarcia.xls<\/p>\n<p>IMPORTANTE: NO SE RECIBIR\u00c1N ARCHIVOS DE M\u00c1S DE 500 KB.<\/p>\n<p>Atentamente<\/p>\n<h6>&#8212;<br \/>\nIng. Marcelo Emilio Leiva<br \/>\nCoordinador de Becas y Pasant\u00edas<br \/>\nSecretar\u00eda de Bienestar Estudiantil<br \/>\nFACET &#8211; UNT<\/h6>\n","protected":false},"excerpt":{"rendered":"<p>IMPORTANTE EMPRESA NACIONAL L\u00cdDER EN TECNOLOG\u00cdA busca incorporar Alumno\/as pr\u00f3ximos a Graduarse o recientemente Graduado\/as de la carrera de Ingenier\u00eda Electr\u00f3nica. REQUISITOS Y\/O CONOCIMIENTOS: \u00d8 Alumno\/as Avanzado\/as pr\u00f3ximos a graduarse (en los pr\u00f3ximos 6 meses) o recientemente Graduado\/as de la Carrera de Ingenier\u00eda Electr\u00f3nica. \u00d8 Buen Desempe\u00f1o Acad\u00e9mico. \u00d8 Promedio mayor o igual a 7. [&hellip;]<\/p>\n","protected":false},"author":6,"featured_media":0,"comment_status":"closed","ping_status":"closed","sticky":false,"template":"","format":"standard","meta":[],"categories":[5,6],"tags":[],"_links":{"self":[{"href":"https:\/\/www.facet.unt.edu.ar\/facetinforma\/wp-json\/wp\/v2\/posts\/5202"}],"collection":[{"href":"https:\/\/www.facet.unt.edu.ar\/facetinforma\/wp-json\/wp\/v2\/posts"}],"about":[{"href":"https:\/\/www.facet.unt.edu.ar\/facetinforma\/wp-json\/wp\/v2\/types\/post"}],"author":[{"embeddable":true,"href":"https:\/\/www.facet.unt.edu.ar\/facetinforma\/wp-json\/wp\/v2\/users\/6"}],"replies":[{"embeddable":true,"href":"https:\/\/www.facet.unt.edu.ar\/facetinforma\/wp-json\/wp\/v2\/comments?post=5202"}],"version-history":[{"count":2,"href":"https:\/\/www.facet.unt.edu.ar\/facetinforma\/wp-json\/wp\/v2\/posts\/5202\/revisions"}],"predecessor-version":[{"id":5204,"href":"https:\/\/www.facet.unt.edu.ar\/facetinforma\/wp-json\/wp\/v2\/posts\/5202\/revisions\/5204"}],"wp:attachment":[{"href":"https:\/\/www.facet.unt.edu.ar\/facetinforma\/wp-json\/wp\/v2\/media?parent=5202"}],"wp:term":[{"taxonomy":"category","embeddable":true,"href":"https:\/\/www.facet.unt.edu.ar\/facetinforma\/wp-json\/wp\/v2\/categories?post=5202"},{"taxonomy":"post_tag","embeddable":true,"href":"https:\/\/www.facet.unt.edu.ar\/facetinforma\/wp-json\/wp\/v2\/tags?post=5202"}],"curies":[{"name":"wp","href":"https:\/\/api.w.org\/{rel}","templated":true}]}}