{"id":5233,"date":"2014-02-24T17:39:55","date_gmt":"2014-02-24T20:39:55","guid":{"rendered":"https:\/\/www.facet.unt.edu.ar\/facetinforma\/?p=5233"},"modified":"2014-02-24T17:39:55","modified_gmt":"2014-02-24T20:39:55","slug":"importante-empresa-nacional-lider-en-tecnologia-busqueda-laboral-computacion","status":"publish","type":"post","link":"https:\/\/www.facet.unt.edu.ar\/facetinforma\/2014\/02\/24\/importante-empresa-nacional-lider-en-tecnologia-busqueda-laboral-computacion\/","title":{"rendered":"IMPORTANTE EMPRESA NACIONAL L\u00cdDER EN TECNOLOG\u00cdA &#8211; B\u00fasqueda Laboral &#8211; Computaci\u00f3n"},"content":{"rendered":"<p>IMPORTANTE EMPRESA NACIONAL L\u00cdDER EN TECNOLOG\u00cdA busca incorporar Alumno\/as pr\u00f3ximos a Graduarse o recientemente Graduado\/as de la Carrera de Ingenier\u00eda en Computaci\u00f3n.<\/p>\n<p><span style=\"text-decoration: underline\">REQUISITOS Y\/O CONOCIMIENTOS<\/span>:<br \/>\n\u00d8 Alumno\/as Avanzado\/as pr\u00f3ximos a graduarse (en los pr\u00f3ximos 6 meses) o recientemente Graduado\/as de la Carrera de Ingenier\u00eda en Computaci\u00f3n.<br \/>\n\u00d8 Buen Desempe\u00f1o Acad\u00e9mico.<br \/>\n\u00d8 Promedio mayor o igual a 7.<br \/>\n\u00d8 Disponibilidad para radicarse en el sur del pa\u00eds.\u00a0\u00a0 <!--more--><\/p>\n<p>Los interesados deben enviar su CV (incluyendo su Estado Acad\u00e9mico) hasta el <strong>Mi\u00e9rcoles 26 de Febrero de 2014<\/strong> a sae.facet@gmail.com destacando en el Asunto del mail la palabra: \u201cCOMPUTACION&#8221;.<\/p>\n<p>Adjuntar el CV con el formato: DNI-NombreCompleto.doc \u00f3 DNI-NombreCompleto.pdf. Ejemplo: 12345678-MarianaGarcia.xls<\/p>\n<p>IMPORTANTE: NO SE RECIBIR\u00c1N ARCHIVOS DE M\u00c1S DE 500 KB.<\/p>\n<p>Atentamente,<\/p>\n<p><span style=\"font-size: x-small\">&#8212;<\/span><br \/>\n<span style=\"font-size: x-small\"> Ing. Marcelo Emilio Leiva<\/span><br \/>\n<span style=\"font-size: x-small\"> Coordinador de Becas y Pasant\u00edas<\/span><br \/>\n<span style=\"font-size: x-small\"> Secretar\u00eda de Bienestar Estudiantil<\/span><br \/>\n<span style=\"font-size: x-small\"> FACET &#8211; UNT<\/span><\/p>\n<div id=\"dc_vk_code\"><\/div>\n","protected":false},"excerpt":{"rendered":"<p>IMPORTANTE EMPRESA NACIONAL L\u00cdDER EN TECNOLOG\u00cdA busca incorporar Alumno\/as pr\u00f3ximos a Graduarse o recientemente Graduado\/as de la Carrera de Ingenier\u00eda en Computaci\u00f3n. REQUISITOS Y\/O CONOCIMIENTOS: \u00d8 Alumno\/as Avanzado\/as pr\u00f3ximos a graduarse (en los pr\u00f3ximos 6 meses) o recientemente Graduado\/as de la Carrera de Ingenier\u00eda en Computaci\u00f3n. \u00d8 Buen Desempe\u00f1o Acad\u00e9mico. \u00d8 Promedio mayor o igual [&hellip;]<\/p>\n","protected":false},"author":6,"featured_media":0,"comment_status":"closed","ping_status":"closed","sticky":false,"template":"","format":"standard","meta":[],"categories":[5,6],"tags":[],"_links":{"self":[{"href":"https:\/\/www.facet.unt.edu.ar\/facetinforma\/wp-json\/wp\/v2\/posts\/5233"}],"collection":[{"href":"https:\/\/www.facet.unt.edu.ar\/facetinforma\/wp-json\/wp\/v2\/posts"}],"about":[{"href":"https:\/\/www.facet.unt.edu.ar\/facetinforma\/wp-json\/wp\/v2\/types\/post"}],"author":[{"embeddable":true,"href":"https:\/\/www.facet.unt.edu.ar\/facetinforma\/wp-json\/wp\/v2\/users\/6"}],"replies":[{"embeddable":true,"href":"https:\/\/www.facet.unt.edu.ar\/facetinforma\/wp-json\/wp\/v2\/comments?post=5233"}],"version-history":[{"count":2,"href":"https:\/\/www.facet.unt.edu.ar\/facetinforma\/wp-json\/wp\/v2\/posts\/5233\/revisions"}],"predecessor-version":[{"id":5235,"href":"https:\/\/www.facet.unt.edu.ar\/facetinforma\/wp-json\/wp\/v2\/posts\/5233\/revisions\/5235"}],"wp:attachment":[{"href":"https:\/\/www.facet.unt.edu.ar\/facetinforma\/wp-json\/wp\/v2\/media?parent=5233"}],"wp:term":[{"taxonomy":"category","embeddable":true,"href":"https:\/\/www.facet.unt.edu.ar\/facetinforma\/wp-json\/wp\/v2\/categories?post=5233"},{"taxonomy":"post_tag","embeddable":true,"href":"https:\/\/www.facet.unt.edu.ar\/facetinforma\/wp-json\/wp\/v2\/tags?post=5233"}],"curies":[{"name":"wp","href":"https:\/\/api.w.org\/{rel}","templated":true}]}}