{"id":5242,"date":"2014-02-24T17:48:29","date_gmt":"2014-02-24T20:48:29","guid":{"rendered":"https:\/\/www.facet.unt.edu.ar\/facetinforma\/?p=5242"},"modified":"2014-02-24T17:49:27","modified_gmt":"2014-02-24T20:49:27","slug":"v-convocatoria-banco-santander-universidad-de-alicante","status":"publish","type":"post","link":"https:\/\/www.facet.unt.edu.ar\/facetinforma\/2014\/02\/24\/v-convocatoria-banco-santander-universidad-de-alicante\/","title":{"rendered":"V Convocatoria Banco Santander \u2013 Universidad de Alicante"},"content":{"rendered":"<p style=\"text-align: center\"><strong>Becas para cursar m\u00e1steres oficiales de car\u00e1cter presencial<br \/>\nCurso: 2014 \u2013 2015<\/strong><\/p>\n<p style=\"text-align: left\">La Convocatoria se orienta a la dotaci\u00f3n de becas para realizar estudios de m\u00e1steres oficiales presenciales, en la UA y se dirige a egresados, investigadores y docentes pertenecientes a Instituciones de Educaci\u00f3n Superior y Centros de Investigaci\u00f3n, originarias de pa\u00edses latinoamericanos y pa\u00edses del \u00e1rea ACP con vinculaci\u00f3n cultural e hist\u00f3rica con la Universidad de Alicante.\u00a0\u00a0 <!--more--><\/p>\n<p style=\"text-align: left\">La Universidad de Alicante, en el marco de su pol\u00edtica de responsibilidad social corporativa, impulsa pol\u00edticas activas que potencien el desarrollo de los pueblos m\u00e1s desfavorecidos y el desarrollo humano sostenible.<\/p>\n<p style=\"text-align: left\">Se adjunta documento informativo y las bases de la convocatoria:<br \/>\n&#8211; <a href=\"https:\/\/www.facet.unt.edu.ar\/facetinforma\/wp-content\/uploads\/sites\/9\/2014\/02\/triptico-a4-alto-rev-4.pdf\" target=\"_blank\">Tr\u00edptico.pdf<\/a><br \/>\n&#8211; <a href=\"https:\/\/www.facet.unt.edu.ar\/facetinforma\/wp-content\/uploads\/sites\/9\/2014\/02\/Convocatoria-Santander_CAS_firmada.pdf\" target=\"_blank\">Bases de la Convocatoria.pdf<\/a><\/p>\n<p style=\"text-align: left\">La informaci\u00f3n de la Convocatoria se encuentra disponible en la p\u00e1gina web: <a href=\"http:\/\/sri.ua.es\/es\/cooperacion\/ayudasbs\/ayudas-banco-santander-ua.html\" target=\"_blank\">http:\/\/sri.ua.es\/es\/cooperacion\/ayudasbs\/ayudas-banco-santander-ua.html <\/a><\/p>\n<p style=\"text-align: left\">Cordial saludo,<\/p>\n<p style=\"text-align: left\"><span style=\"font-size: x-small\">&#8212;<\/span><br \/>\n<span style=\"font-size: x-small\"> Oficina de Cooperaci\u00f3n<\/span><br \/>\n<span style=\"font-size: x-small\"> Universidad de Alicante<\/span><\/p>\n<div id=\"dc_vk_code\"><\/div>\n","protected":false},"excerpt":{"rendered":"<p>Becas para cursar m\u00e1steres oficiales de car\u00e1cter presencial Curso: 2014 \u2013 2015 La Convocatoria se orienta a la dotaci\u00f3n de becas para realizar estudios de m\u00e1steres oficiales presenciales, en la UA y se dirige a egresados, investigadores y docentes pertenecientes a Instituciones de Educaci\u00f3n Superior y Centros de Investigaci\u00f3n, originarias de pa\u00edses latinoamericanos y pa\u00edses [&hellip;]<\/p>\n","protected":false},"author":6,"featured_media":0,"comment_status":"closed","ping_status":"closed","sticky":false,"template":"","format":"standard","meta":[],"categories":[3,5],"tags":[],"_links":{"self":[{"href":"https:\/\/www.facet.unt.edu.ar\/facetinforma\/wp-json\/wp\/v2\/posts\/5242"}],"collection":[{"href":"https:\/\/www.facet.unt.edu.ar\/facetinforma\/wp-json\/wp\/v2\/posts"}],"about":[{"href":"https:\/\/www.facet.unt.edu.ar\/facetinforma\/wp-json\/wp\/v2\/types\/post"}],"author":[{"embeddable":true,"href":"https:\/\/www.facet.unt.edu.ar\/facetinforma\/wp-json\/wp\/v2\/users\/6"}],"replies":[{"embeddable":true,"href":"https:\/\/www.facet.unt.edu.ar\/facetinforma\/wp-json\/wp\/v2\/comments?post=5242"}],"version-history":[{"count":2,"href":"https:\/\/www.facet.unt.edu.ar\/facetinforma\/wp-json\/wp\/v2\/posts\/5242\/revisions"}],"predecessor-version":[{"id":5244,"href":"https:\/\/www.facet.unt.edu.ar\/facetinforma\/wp-json\/wp\/v2\/posts\/5242\/revisions\/5244"}],"wp:attachment":[{"href":"https:\/\/www.facet.unt.edu.ar\/facetinforma\/wp-json\/wp\/v2\/media?parent=5242"}],"wp:term":[{"taxonomy":"category","embeddable":true,"href":"https:\/\/www.facet.unt.edu.ar\/facetinforma\/wp-json\/wp\/v2\/categories?post=5242"},{"taxonomy":"post_tag","embeddable":true,"href":"https:\/\/www.facet.unt.edu.ar\/facetinforma\/wp-json\/wp\/v2\/tags?post=5242"}],"curies":[{"name":"wp","href":"https:\/\/api.w.org\/{rel}","templated":true}]}}