{"id":5331,"date":"2014-03-10T11:57:39","date_gmt":"2014-03-10T14:57:39","guid":{"rendered":"https:\/\/www.facet.unt.edu.ar\/facetinforma\/?p=5331"},"modified":"2014-03-10T11:58:35","modified_gmt":"2014-03-10T14:58:35","slug":"exposiciones-de-candidatos-a-rector-en-esta-unidad-academica","status":"publish","type":"post","link":"https:\/\/www.facet.unt.edu.ar\/facetinforma\/2014\/03\/10\/exposiciones-de-candidatos-a-rector-en-esta-unidad-academica\/","title":{"rendered":"Exposiciones de Candidatos a Rector en esta Unidad Acad\u00e9mica"},"content":{"rendered":"<p>La Facultad de Ciencias Exactas y Tecnolog\u00eda de la Universidad Nacional de Tucum\u00e1n, a fin de propiciar activamente la participaci\u00f3n de toda su comunidad en el proceso electoral de cambio de autoridades de la UNT, ha decidido llevar adelante un ciclo en donde los candidatos a rector, expongan sus principales lineamientos en el \u00e1mbito de nuestra unidad acad\u00e9mica.\u00a0\u00a0 <!--more--><\/p>\n<p>En virtud de ello, se ha cursado invitaci\u00f3n a los cuatro postulantes con la siguiente agenda:<br \/>\n\u2022 <strong>Dra. Alicia Bard\u00f3n<\/strong> \u2013 Jueves 13 de Marzo, 12:00 hs.<br \/>\n\u2022 <strong>Arq. Eduardo Coletti<\/strong> \u2013 Lunes 17 de Marzo, 12:00 hs.<br \/>\n\u2022 <strong>Dr. Mateo Mart\u00ednez<\/strong> \u2013 Mi\u00e9rcoles 19 de Marzo, 12 hs.<br \/>\n\u2022 <strong>Dr. Eduardo Ruiz Pesce<\/strong> \u2013 Viernes 21 de Marzo, 12 hs.<\/p>\n<p>Se ha previsto que las presentaciones guarden el siguiente formato: Los disertantes expondr\u00e1n durante media hora libremente sus ideas; seguidamente, en un espacio de media hora m\u00e1s, el moderador proceder\u00e1 a leer las preguntas que la concurrencia desee formular al candidato. Para ello, estas deber\u00e1n ser entregadas por escrito, al momento de iniciarse la reuni\u00f3n, al personal de apoyo destinado a tal fin.<\/p>\n<p>Las mencionadas ponencias se han de desarrollar en el Auditorio del Departamento de Luminotecnia, Luz y Visi\u00f3n, Avenida Independencia 1800, San Miguel de Tucum\u00e1n.<\/p>\n<p>Esperando contar con su valiosa presencia, saludamos a Ud. muy atentamente.<\/p>\n<h6><span style=\"font-size: x-small\">&#8212;<\/span><br \/>\n<span style=\"font-size: x-small\"> Prof. Ing. Carlos Alberto Rodr\u00edguez (MSc)<\/span><br \/>\n<span style=\"font-size: x-small\"> Secretario de Gesti\u00f3n y Extensi\u00f3n<\/span><br \/>\n<span style=\"font-size: x-small\"> FACET &#8211; UNT<\/span><\/h6>\n","protected":false},"excerpt":{"rendered":"<p>La Facultad de Ciencias Exactas y Tecnolog\u00eda de la Universidad Nacional de Tucum\u00e1n, a fin de propiciar activamente la participaci\u00f3n de toda su comunidad en el proceso electoral de cambio de autoridades de la UNT, ha decidido llevar adelante un ciclo en donde los candidatos a rector, expongan sus principales lineamientos en el \u00e1mbito de [&hellip;]<\/p>\n","protected":false},"author":6,"featured_media":0,"comment_status":"closed","ping_status":"closed","sticky":false,"template":"","format":"standard","meta":[],"categories":[5],"tags":[],"_links":{"self":[{"href":"https:\/\/www.facet.unt.edu.ar\/facetinforma\/wp-json\/wp\/v2\/posts\/5331"}],"collection":[{"href":"https:\/\/www.facet.unt.edu.ar\/facetinforma\/wp-json\/wp\/v2\/posts"}],"about":[{"href":"https:\/\/www.facet.unt.edu.ar\/facetinforma\/wp-json\/wp\/v2\/types\/post"}],"author":[{"embeddable":true,"href":"https:\/\/www.facet.unt.edu.ar\/facetinforma\/wp-json\/wp\/v2\/users\/6"}],"replies":[{"embeddable":true,"href":"https:\/\/www.facet.unt.edu.ar\/facetinforma\/wp-json\/wp\/v2\/comments?post=5331"}],"version-history":[{"count":3,"href":"https:\/\/www.facet.unt.edu.ar\/facetinforma\/wp-json\/wp\/v2\/posts\/5331\/revisions"}],"predecessor-version":[{"id":5333,"href":"https:\/\/www.facet.unt.edu.ar\/facetinforma\/wp-json\/wp\/v2\/posts\/5331\/revisions\/5333"}],"wp:attachment":[{"href":"https:\/\/www.facet.unt.edu.ar\/facetinforma\/wp-json\/wp\/v2\/media?parent=5331"}],"wp:term":[{"taxonomy":"category","embeddable":true,"href":"https:\/\/www.facet.unt.edu.ar\/facetinforma\/wp-json\/wp\/v2\/categories?post=5331"},{"taxonomy":"post_tag","embeddable":true,"href":"https:\/\/www.facet.unt.edu.ar\/facetinforma\/wp-json\/wp\/v2\/tags?post=5331"}],"curies":[{"name":"wp","href":"https:\/\/api.w.org\/{rel}","templated":true}]}}