{"id":5376,"date":"2014-03-13T17:21:54","date_gmt":"2014-03-13T20:21:54","guid":{"rendered":"https:\/\/www.facet.unt.edu.ar\/facetinforma\/?p=5376"},"modified":"2014-03-13T17:21:54","modified_gmt":"2014-03-13T20:21:54","slug":"departamento-de-educacion-a-distancia-de-la-facultad-de-filosofia-y-letras","status":"publish","type":"post","link":"https:\/\/www.facet.unt.edu.ar\/facetinforma\/2014\/03\/13\/departamento-de-educacion-a-distancia-de-la-facultad-de-filosofia-y-letras\/","title":{"rendered":"Departamento de Educaci\u00f3n a Distancia de la Facultad de Filosof\u00eda y Letras"},"content":{"rendered":"<p>Estimados docentes y alumnos:<\/p>\n<p>El Departamento de Educaci\u00f3n a Distancia de la Facultad de Filosof\u00eda y Letras informa que los certificados, tanto para asistentes como para expositores, de la Segunda Mesa de Intercambio sobre Pr\u00e1cticas Acad\u00e9micas mediadas por TIC, realizada entre los d\u00edas 13 y 14 de noviembre del 2013 en el Swiss Hotel Metropol, podr\u00e1n ser retirados del departamento los d\u00edas:<br \/>\n<strong>Martes 18<\/strong>: de 16:30 a 17:30 hs<br \/>\n<strong>Jueves 20<\/strong>: de 09:30 a 10:30 hs\u00a0\u00a0 <!--more-->Adem\u00e1s, aquellos docentes que no hayan retirado los certificados de los distintos cursos dictados por el Departamento durante el a\u00f1o 2013, podr\u00e1n hacerlo en dicho horario.<\/p>\n<p>Atentamente,<\/p>\n<h6><span style=\"font-size: x-small\">&#8212;<\/span><br \/>\n<span style=\"font-size: x-small\"> Departamento de Educaci\u00f3n a Distancia<\/span><br \/>\n<span style=\"font-size: x-small\"> Facultad de Filosof\u00eda y Letras<\/span><\/h6>\n","protected":false},"excerpt":{"rendered":"<p>Estimados docentes y alumnos: El Departamento de Educaci\u00f3n a Distancia de la Facultad de Filosof\u00eda y Letras informa que los certificados, tanto para asistentes como para expositores, de la Segunda Mesa de Intercambio sobre Pr\u00e1cticas Acad\u00e9micas mediadas por TIC, realizada entre los d\u00edas 13 y 14 de noviembre del 2013 en el Swiss Hotel Metropol, [&hellip;]<\/p>\n","protected":false},"author":6,"featured_media":0,"comment_status":"closed","ping_status":"closed","sticky":false,"template":"","format":"standard","meta":[],"categories":[5],"tags":[],"_links":{"self":[{"href":"https:\/\/www.facet.unt.edu.ar\/facetinforma\/wp-json\/wp\/v2\/posts\/5376"}],"collection":[{"href":"https:\/\/www.facet.unt.edu.ar\/facetinforma\/wp-json\/wp\/v2\/posts"}],"about":[{"href":"https:\/\/www.facet.unt.edu.ar\/facetinforma\/wp-json\/wp\/v2\/types\/post"}],"author":[{"embeddable":true,"href":"https:\/\/www.facet.unt.edu.ar\/facetinforma\/wp-json\/wp\/v2\/users\/6"}],"replies":[{"embeddable":true,"href":"https:\/\/www.facet.unt.edu.ar\/facetinforma\/wp-json\/wp\/v2\/comments?post=5376"}],"version-history":[{"count":2,"href":"https:\/\/www.facet.unt.edu.ar\/facetinforma\/wp-json\/wp\/v2\/posts\/5376\/revisions"}],"predecessor-version":[{"id":5378,"href":"https:\/\/www.facet.unt.edu.ar\/facetinforma\/wp-json\/wp\/v2\/posts\/5376\/revisions\/5378"}],"wp:attachment":[{"href":"https:\/\/www.facet.unt.edu.ar\/facetinforma\/wp-json\/wp\/v2\/media?parent=5376"}],"wp:term":[{"taxonomy":"category","embeddable":true,"href":"https:\/\/www.facet.unt.edu.ar\/facetinforma\/wp-json\/wp\/v2\/categories?post=5376"},{"taxonomy":"post_tag","embeddable":true,"href":"https:\/\/www.facet.unt.edu.ar\/facetinforma\/wp-json\/wp\/v2\/tags?post=5376"}],"curies":[{"name":"wp","href":"https:\/\/api.w.org\/{rel}","templated":true}]}}