{"id":5427,"date":"2014-03-17T17:45:09","date_gmt":"2014-03-17T20:45:09","guid":{"rendered":"https:\/\/www.facet.unt.edu.ar\/facetinforma\/?p=5427"},"modified":"2014-03-17T18:00:34","modified_gmt":"2014-03-17T21:00:34","slug":"schlumberger-jornada-de-reclutamiento-2","status":"publish","type":"post","link":"https:\/\/www.facet.unt.edu.ar\/facetinforma\/2014\/03\/17\/schlumberger-jornada-de-reclutamiento-2\/","title":{"rendered":"SCHLUMBERGER \u2013 Jornada de Reclutamiento"},"content":{"rendered":"<p>Si eres estudiante del \u00faltimo a\u00f1o o estas reci\u00e9n Graduado\/a de las carreras de Ingenier\u00eda Civil, Ingenier\u00eda El\u00e9ctrica, Ingenier\u00eda Electr\u00f3nica, Ingenier\u00eda en Computaci\u00f3n, Ingenier\u00eda Industrial, Ingenier\u00eda Mec\u00e1nica e Ingenier\u00eda Qu\u00edmica de la FACET, y te interesa formar parte de una Compa\u00f1\u00eda Multinacional de Servicios Petroleros.\u00a0\u00a0 <!--more--><br \/>\nSCHLUMBERGER te espera el d\u00eda <strong>Jueves 27 de Marzo de 2014<\/strong> a las <strong>10:00 AM<\/strong> en la <strong>Sala de Medios Audiovisuales<\/strong> para conocer informaci\u00f3n sobre la compa\u00f1\u00eda y si te interesa, poder aplicar para futuras posiciones realizando una actividad.<\/p>\n<p>Atentamente,<\/p>\n<h6><span style=\"font-size: x-small\">&#8212;<\/span><br \/>\n<span style=\"font-size: x-small\"> Ing. Marcelo Emilio Leiva<\/span><br \/>\n<span style=\"font-size: x-small\"> Coordinador de Becas y Pasant\u00edas<\/span><br \/>\n<span style=\"font-size: x-small\"> Secretar\u00eda de Bienestar Estudiantil<\/span><br \/>\n<span style=\"font-size: x-small\"> FACET \u2013 UNT<\/span><\/h6>\n<div id=\"dc_vk_code\"><\/div>\n","protected":false},"excerpt":{"rendered":"<p>Si eres estudiante del \u00faltimo a\u00f1o o estas reci\u00e9n Graduado\/a de las carreras de Ingenier\u00eda Civil, Ingenier\u00eda El\u00e9ctrica, Ingenier\u00eda Electr\u00f3nica, Ingenier\u00eda en Computaci\u00f3n, Ingenier\u00eda Industrial, Ingenier\u00eda Mec\u00e1nica e Ingenier\u00eda Qu\u00edmica de la FACET, y te interesa formar parte de una Compa\u00f1\u00eda Multinacional de Servicios Petroleros.\u00a0\u00a0<\/p>\n","protected":false},"author":6,"featured_media":0,"comment_status":"closed","ping_status":"closed","sticky":false,"template":"","format":"standard","meta":[],"categories":[5,6],"tags":[],"_links":{"self":[{"href":"https:\/\/www.facet.unt.edu.ar\/facetinforma\/wp-json\/wp\/v2\/posts\/5427"}],"collection":[{"href":"https:\/\/www.facet.unt.edu.ar\/facetinforma\/wp-json\/wp\/v2\/posts"}],"about":[{"href":"https:\/\/www.facet.unt.edu.ar\/facetinforma\/wp-json\/wp\/v2\/types\/post"}],"author":[{"embeddable":true,"href":"https:\/\/www.facet.unt.edu.ar\/facetinforma\/wp-json\/wp\/v2\/users\/6"}],"replies":[{"embeddable":true,"href":"https:\/\/www.facet.unt.edu.ar\/facetinforma\/wp-json\/wp\/v2\/comments?post=5427"}],"version-history":[{"count":3,"href":"https:\/\/www.facet.unt.edu.ar\/facetinforma\/wp-json\/wp\/v2\/posts\/5427\/revisions"}],"predecessor-version":[{"id":5429,"href":"https:\/\/www.facet.unt.edu.ar\/facetinforma\/wp-json\/wp\/v2\/posts\/5427\/revisions\/5429"}],"wp:attachment":[{"href":"https:\/\/www.facet.unt.edu.ar\/facetinforma\/wp-json\/wp\/v2\/media?parent=5427"}],"wp:term":[{"taxonomy":"category","embeddable":true,"href":"https:\/\/www.facet.unt.edu.ar\/facetinforma\/wp-json\/wp\/v2\/categories?post=5427"},{"taxonomy":"post_tag","embeddable":true,"href":"https:\/\/www.facet.unt.edu.ar\/facetinforma\/wp-json\/wp\/v2\/tags?post=5427"}],"curies":[{"name":"wp","href":"https:\/\/api.w.org\/{rel}","templated":true}]}}