{"id":5430,"date":"2014-03-17T17:42:07","date_gmt":"2014-03-17T20:42:07","guid":{"rendered":"https:\/\/www.facet.unt.edu.ar\/facetinforma\/?p=5430"},"modified":"2014-03-17T17:50:22","modified_gmt":"2014-03-17T20:50:22","slug":"consejo-directivo-facet-orden-del-dia-19-03-14","status":"publish","type":"post","link":"https:\/\/www.facet.unt.edu.ar\/facetinforma\/2014\/03\/17\/consejo-directivo-facet-orden-del-dia-19-03-14\/","title":{"rendered":"Consejo Directivo FACET &#8211; Orden del D\u00eda 19-03-14"},"content":{"rendered":"<p>Se\u00f1or\/a Consejero\/a<br \/>\nPor disposici\u00f3n del Sr. Decano, tengo el agrado de dirigirme a Ud. para invitarlo\/a a la Reuni\u00f3n Ordinaria del Consejo Directivo, que se realizar\u00e1 el d\u00eda mi\u00e9rcoles 19 del corriente a horas 10:00 para considerar el siguiente:<br \/>\n&#8211; <a href=\"https:\/\/www.facet.unt.edu.ar\/facetinforma\/wp-content\/uploads\/sites\/9\/2014\/03\/Orden-del-d\u00eda-19-03-14.pdf\" target=\"_blank\">Orden del D\u00eda 19-03-2014.pdf<\/a><\/p>\n<div id=\"dc_vk_code\"><\/div>\n","protected":false},"excerpt":{"rendered":"<p>Se\u00f1or\/a Consejero\/a Por disposici\u00f3n del Sr. Decano, tengo el agrado de dirigirme a Ud. para invitarlo\/a a la Reuni\u00f3n Ordinaria del Consejo Directivo, que se realizar\u00e1 el d\u00eda mi\u00e9rcoles 19 del corriente a horas 10:00 para considerar el siguiente: &#8211; Orden del D\u00eda 19-03-2014.pdf<\/p>\n","protected":false},"author":6,"featured_media":0,"comment_status":"closed","ping_status":"closed","sticky":false,"template":"","format":"standard","meta":[],"categories":[5],"tags":[],"_links":{"self":[{"href":"https:\/\/www.facet.unt.edu.ar\/facetinforma\/wp-json\/wp\/v2\/posts\/5430"}],"collection":[{"href":"https:\/\/www.facet.unt.edu.ar\/facetinforma\/wp-json\/wp\/v2\/posts"}],"about":[{"href":"https:\/\/www.facet.unt.edu.ar\/facetinforma\/wp-json\/wp\/v2\/types\/post"}],"author":[{"embeddable":true,"href":"https:\/\/www.facet.unt.edu.ar\/facetinforma\/wp-json\/wp\/v2\/users\/6"}],"replies":[{"embeddable":true,"href":"https:\/\/www.facet.unt.edu.ar\/facetinforma\/wp-json\/wp\/v2\/comments?post=5430"}],"version-history":[{"count":3,"href":"https:\/\/www.facet.unt.edu.ar\/facetinforma\/wp-json\/wp\/v2\/posts\/5430\/revisions"}],"predecessor-version":[{"id":5434,"href":"https:\/\/www.facet.unt.edu.ar\/facetinforma\/wp-json\/wp\/v2\/posts\/5430\/revisions\/5434"}],"wp:attachment":[{"href":"https:\/\/www.facet.unt.edu.ar\/facetinforma\/wp-json\/wp\/v2\/media?parent=5430"}],"wp:term":[{"taxonomy":"category","embeddable":true,"href":"https:\/\/www.facet.unt.edu.ar\/facetinforma\/wp-json\/wp\/v2\/categories?post=5430"},{"taxonomy":"post_tag","embeddable":true,"href":"https:\/\/www.facet.unt.edu.ar\/facetinforma\/wp-json\/wp\/v2\/tags?post=5430"}],"curies":[{"name":"wp","href":"https:\/\/api.w.org\/{rel}","templated":true}]}}