{"id":5469,"date":"2014-03-20T18:51:12","date_gmt":"2014-03-20T21:51:12","guid":{"rendered":"https:\/\/www.facet.unt.edu.ar\/facetinforma\/?p=5469"},"modified":"2014-03-20T18:54:36","modified_gmt":"2014-03-20T21:54:36","slug":"ministerio-de-eduacion-de-la-provincia-busqueda-laboral","status":"publish","type":"post","link":"https:\/\/www.facet.unt.edu.ar\/facetinforma\/2014\/03\/20\/ministerio-de-eduacion-de-la-provincia-busqueda-laboral\/","title":{"rendered":"MINISTERIO DE EDUACI\u00d3N DE LA PROVINCIA &#8211; B\u00fasqueda Laboral"},"content":{"rendered":"<p>Convocatoria a Graduado\/as de las carrera de Programador Universitario y\/o Licenciatura en Inform\u00e1tica para cubrir 2 (dos) vacantes del Equipo de Sistemas Multimedia de la Coordinaci\u00f3n Provincial TIC del Ministerio de Educaci\u00f3n.\u00a0\u00a0 <!--more--><\/p>\n<p><span style=\"text-decoration: underline\">REQUISITOS Y\/O CONOCIMIENTOS<\/span>:<br \/>\n\u00d8 Graduado\/as de las carrera de programador Universitario \u00f3 Licenciatura en Inform\u00e1tica de la FACET.<br \/>\n\u00d8 Tener conocimientos aplicados (nivel medio-elevado) en Javascript, Html5, animaciones en Html5, Css3 &#8211; dise\u00f1o web, manejo de frameworks.<br \/>\n\u00d8 Poseer disponibilidad de 25 a 30 horas semanales.<br \/>\n\u00d8 Deber\u00e1n poseer las siguientes competencias: Proactividad, Adaptabilidad, Compromiso y Predisposici\u00f3n al trabajo en equipo.<\/p>\n<p>Los interesados deben enviar su CV hasta el <strong>Jueves 27 de Marzo de 2014<\/strong> a <a href=\"sae.facet@gmail.com\" target=\"_blank\">sae.facet@gmail.com<\/a> destacando en el Asunto del mail la palabra: \u201cTIC&#8221;. Adjuntar el CV con el formato: DNI-NombreCompleto.doc \u00f3 DNI-NombreCompleto.pdf. Ejemplo: 12345678-MarianaGarcia.xls<\/p>\n<p>IMPORTANTE: NO SE RECIBIR\u00c1N ARCHIVOS DE M\u00c1S DE 500 KB.<\/p>\n<p>Atentamente,<\/p>\n<h6><span style=\"font-size: x-small\">&#8212;<\/span><br \/>\n<span style=\"font-size: x-small\"> Ing. Marcelo Emilio Leiva<\/span><br \/>\n<span style=\"font-size: x-small\"> Coordinador de Becas y Pasant\u00edas<\/span><br \/>\n<span style=\"font-size: x-small\"> Secretar\u00eda de Bienestar Estudiantil<\/span><br \/>\n<span style=\"font-size: x-small\"> FACET &#8211; UNT<\/span><\/h6>\n<div id=\"dc_vk_code\"><\/div>\n","protected":false},"excerpt":{"rendered":"<p>Convocatoria a Graduado\/as de las carrera de Programador Universitario y\/o Licenciatura en Inform\u00e1tica para cubrir 2 (dos) vacantes del Equipo de Sistemas Multimedia de la Coordinaci\u00f3n Provincial TIC del Ministerio de Educaci\u00f3n.\u00a0\u00a0<\/p>\n","protected":false},"author":6,"featured_media":0,"comment_status":"closed","ping_status":"closed","sticky":false,"template":"","format":"standard","meta":[],"categories":[5,6],"tags":[],"_links":{"self":[{"href":"https:\/\/www.facet.unt.edu.ar\/facetinforma\/wp-json\/wp\/v2\/posts\/5469"}],"collection":[{"href":"https:\/\/www.facet.unt.edu.ar\/facetinforma\/wp-json\/wp\/v2\/posts"}],"about":[{"href":"https:\/\/www.facet.unt.edu.ar\/facetinforma\/wp-json\/wp\/v2\/types\/post"}],"author":[{"embeddable":true,"href":"https:\/\/www.facet.unt.edu.ar\/facetinforma\/wp-json\/wp\/v2\/users\/6"}],"replies":[{"embeddable":true,"href":"https:\/\/www.facet.unt.edu.ar\/facetinforma\/wp-json\/wp\/v2\/comments?post=5469"}],"version-history":[{"count":3,"href":"https:\/\/www.facet.unt.edu.ar\/facetinforma\/wp-json\/wp\/v2\/posts\/5469\/revisions"}],"predecessor-version":[{"id":5471,"href":"https:\/\/www.facet.unt.edu.ar\/facetinforma\/wp-json\/wp\/v2\/posts\/5469\/revisions\/5471"}],"wp:attachment":[{"href":"https:\/\/www.facet.unt.edu.ar\/facetinforma\/wp-json\/wp\/v2\/media?parent=5469"}],"wp:term":[{"taxonomy":"category","embeddable":true,"href":"https:\/\/www.facet.unt.edu.ar\/facetinforma\/wp-json\/wp\/v2\/categories?post=5469"},{"taxonomy":"post_tag","embeddable":true,"href":"https:\/\/www.facet.unt.edu.ar\/facetinforma\/wp-json\/wp\/v2\/tags?post=5469"}],"curies":[{"name":"wp","href":"https:\/\/api.w.org\/{rel}","templated":true}]}}