{"id":547,"date":"2012-03-28T01:58:29","date_gmt":"2012-03-28T01:58:29","guid":{"rendered":"http:\/\/www1.herrera.unt.edu.ar\/facetinforma\/?p=547"},"modified":"2012-03-28T01:58:29","modified_gmt":"2012-03-28T01:58:29","slug":"corte-de-energia-blocks-2-y-4-viernes-303","status":"publish","type":"post","link":"https:\/\/www.facet.unt.edu.ar\/facetinforma\/2012\/03\/28\/corte-de-energia-blocks-2-y-4-viernes-303\/","title":{"rendered":"Corte de energ\u00eda blocks 2 y 4 viernes 30\/3"},"content":{"rendered":"<p style=\"text-align: justify\">El dia viernes 30\/3 programamos un corte de energia en los blocks 2 y 4 para medir los conductores subterraneos. La medici\u00f3n se realizar\u00e1 con motivo de la obra de &#8220;Adecuaci\u00f3n de la Instalaci\u00f3n El\u00e9ctrica&#8221; que estamos licitando.<\/p>\n<p style=\"text-align: justify\">El corte que estimamos comenzar\u00e1 a horas 18 y terminar\u00e1 a horas 20, los blocks afectados ser\u00edan: 2 (Investigaci\u00f3n) y 4 (Qu\u00edmica-Civil) . Es de remarcar que esta actividad, la que seguramente provocar\u00e1 alguna perturbaci\u00f3n en la actividad normal, es necesaria para poder ajustar las necesidades de Obras de Seguridad El\u00e9ctrica que esta facultad ha gestionado ante la SPU habiendo conseguido el financiamiento para iniciar las Obras en esos Blocks.<\/p>\n<p style=\"text-align: justify\">Por ello solicitamos el m\u00e1ximo de colaboraci\u00f3n a la comunidad de la FACET en este sentido.<\/p>\n<p>Gracias<br \/> &#8212;<br \/> Ing. Leandro D\u00edaz<br \/> Secretario Administrativo<br \/> Facultad de Ciencias Exactas y Tecnolog\u00eda<br \/> Universidad Nacional de Tucum\u00e1n<\/p>\n","protected":false},"excerpt":{"rendered":"<p>El dia viernes 30\/3 programamos un corte de energia en los blocks 2 y 4 para medir los conductores subterraneos. La medici\u00f3n se realizar\u00e1 con motivo de la obra de &#8220;Adecuaci\u00f3n de la Instalaci\u00f3n El\u00e9ctrica&#8221; que estamos licitando. El corte que estimamos comenzar\u00e1 a horas 18 y terminar\u00e1 a horas 20, los blocks afectados ser\u00edan: [&hellip;]<\/p>\n","protected":false},"author":6,"featured_media":0,"comment_status":"closed","ping_status":"open","sticky":false,"template":"","format":"standard","meta":[],"categories":[5],"tags":[],"_links":{"self":[{"href":"https:\/\/www.facet.unt.edu.ar\/facetinforma\/wp-json\/wp\/v2\/posts\/547"}],"collection":[{"href":"https:\/\/www.facet.unt.edu.ar\/facetinforma\/wp-json\/wp\/v2\/posts"}],"about":[{"href":"https:\/\/www.facet.unt.edu.ar\/facetinforma\/wp-json\/wp\/v2\/types\/post"}],"author":[{"embeddable":true,"href":"https:\/\/www.facet.unt.edu.ar\/facetinforma\/wp-json\/wp\/v2\/users\/6"}],"replies":[{"embeddable":true,"href":"https:\/\/www.facet.unt.edu.ar\/facetinforma\/wp-json\/wp\/v2\/comments?post=547"}],"version-history":[{"count":0,"href":"https:\/\/www.facet.unt.edu.ar\/facetinforma\/wp-json\/wp\/v2\/posts\/547\/revisions"}],"wp:attachment":[{"href":"https:\/\/www.facet.unt.edu.ar\/facetinforma\/wp-json\/wp\/v2\/media?parent=547"}],"wp:term":[{"taxonomy":"category","embeddable":true,"href":"https:\/\/www.facet.unt.edu.ar\/facetinforma\/wp-json\/wp\/v2\/categories?post=547"},{"taxonomy":"post_tag","embeddable":true,"href":"https:\/\/www.facet.unt.edu.ar\/facetinforma\/wp-json\/wp\/v2\/tags?post=547"}],"curies":[{"name":"wp","href":"https:\/\/api.w.org\/{rel}","templated":true}]}}