{"id":5525,"date":"2014-03-28T10:38:41","date_gmt":"2014-03-28T13:38:41","guid":{"rendered":"https:\/\/www.facet.unt.edu.ar\/facetinforma\/?p=5525"},"modified":"2014-03-28T10:41:50","modified_gmt":"2014-03-28T13:41:50","slug":"convocatoria-semilla-2014-programa-binacional-para-el-fortalecimiento-de-redes-interuniversitarias-argentino-alemanas","status":"publish","type":"post","link":"https:\/\/www.facet.unt.edu.ar\/facetinforma\/2014\/03\/28\/convocatoria-semilla-2014-programa-binacional-para-el-fortalecimiento-de-redes-interuniversitarias-argentino-alemanas\/","title":{"rendered":"Convocatoria Semilla 2014"},"content":{"rendered":"<p>El Centro Universitario Argentino-Alem\u00e1n lanza la convocatoria <strong>Semilla 2014 <\/strong>del<strong> Programa Binacional para el Fortalecimiento de Redes Interuniversitarias Argentino-Alemanas<\/strong>. La convocatoria permanecer\u00e1 abierta entre el <strong>1 de marzo y el 13 de junio de 2014<\/strong>.\u00a0\u00a0 <!--more--><\/p>\n<p>Este programa tiene como objetivo la promoci\u00f3n de proyectos innovadores para el desarrollo de carreras binacionales con doble titulaci\u00f3n que formen profesionales con capacidad intercultural y multiling\u00fce.<br \/>\n<strong> Apertura de la convocatoria<\/strong>: <strong><span style=\"color: #ff0000\">01-03-2014<\/span><\/strong><br \/>\n<strong> Cierre de la convocatoria<\/strong>: <strong><span style=\"color: #ff0000\">13-06-2014<\/span><\/strong><\/p>\n<p>Para consultas: <a href=\"cuaa.dahz@cuaa-dahz.org\" target=\"_blank\">cuaa.dahz@cuaa-dahz.org<\/a><\/p>\n<p>Las bases de la convocatoria y el formulario de presentaci\u00f3n pueden descargarse de la p\u00e1gina web del\u00a0<a href=\"http:\/\/www.cuaa-dahz.org\/\" target=\"_blank\">Centro Universitario Argentino-Alem\u00e1n<\/a> y de la secci\u00f3n \u201c<a href=\"http:\/\/portales.educacion.gov.ar\/spu\/convocatorias-2\/\" target=\"_blank\">Convocatorias<\/a>\u201d de la p\u00e1gina web de la Secretar\u00eda de Pol\u00edticas Universitarias del Ministerio de Educaci\u00f3n de Argentina.<\/p>\n<div id=\"dc_vk_code\"><\/div>\n","protected":false},"excerpt":{"rendered":"<p>El Centro Universitario Argentino-Alem\u00e1n lanza la convocatoria Semilla 2014 del Programa Binacional para el Fortalecimiento de Redes Interuniversitarias Argentino-Alemanas. La convocatoria permanecer\u00e1 abierta entre el 1 de marzo y el 13 de junio de 2014.\u00a0\u00a0<\/p>\n","protected":false},"author":6,"featured_media":0,"comment_status":"closed","ping_status":"closed","sticky":false,"template":"","format":"standard","meta":[],"categories":[5],"tags":[],"_links":{"self":[{"href":"https:\/\/www.facet.unt.edu.ar\/facetinforma\/wp-json\/wp\/v2\/posts\/5525"}],"collection":[{"href":"https:\/\/www.facet.unt.edu.ar\/facetinforma\/wp-json\/wp\/v2\/posts"}],"about":[{"href":"https:\/\/www.facet.unt.edu.ar\/facetinforma\/wp-json\/wp\/v2\/types\/post"}],"author":[{"embeddable":true,"href":"https:\/\/www.facet.unt.edu.ar\/facetinforma\/wp-json\/wp\/v2\/users\/6"}],"replies":[{"embeddable":true,"href":"https:\/\/www.facet.unt.edu.ar\/facetinforma\/wp-json\/wp\/v2\/comments?post=5525"}],"version-history":[{"count":4,"href":"https:\/\/www.facet.unt.edu.ar\/facetinforma\/wp-json\/wp\/v2\/posts\/5525\/revisions"}],"predecessor-version":[{"id":5527,"href":"https:\/\/www.facet.unt.edu.ar\/facetinforma\/wp-json\/wp\/v2\/posts\/5525\/revisions\/5527"}],"wp:attachment":[{"href":"https:\/\/www.facet.unt.edu.ar\/facetinforma\/wp-json\/wp\/v2\/media?parent=5525"}],"wp:term":[{"taxonomy":"category","embeddable":true,"href":"https:\/\/www.facet.unt.edu.ar\/facetinforma\/wp-json\/wp\/v2\/categories?post=5525"},{"taxonomy":"post_tag","embeddable":true,"href":"https:\/\/www.facet.unt.edu.ar\/facetinforma\/wp-json\/wp\/v2\/tags?post=5525"}],"curies":[{"name":"wp","href":"https:\/\/api.w.org\/{rel}","templated":true}]}}