{"id":5691,"date":"2014-04-22T09:25:48","date_gmt":"2014-04-22T12:25:48","guid":{"rendered":"https:\/\/www.facet.unt.edu.ar\/facetinforma\/?p=5691"},"modified":"2014-04-22T09:25:48","modified_gmt":"2014-04-22T12:25:48","slug":"se-establecio-un-punto-de-gravedad-absoluta-en-la-facet","status":"publish","type":"post","link":"https:\/\/www.facet.unt.edu.ar\/facetinforma\/2014\/04\/22\/se-establecio-un-punto-de-gravedad-absoluta-en-la-facet\/","title":{"rendered":"Se estableci\u00f3 un Punto de Gravedad Absoluta en la FACET"},"content":{"rendered":"<p>Con la participaci\u00f3n de integrantes del Proyecto e Investigaci\u00f3n del CIUNT, \u201cLevantamiento, Procesamiento e Interpretaci\u00f3n de Datos Geof\u00edsicos\u201d, se estableci\u00f3 un punto de gravedad absoluta en nuestra Facultad, el que qued\u00f3 materializado por una placa en la torre de servicios que comunica los Blocks 1 y 2. El trabajo se encuadra en el Proyecto RAGA (Red Argentina de Gravedad Absoluta), consistente en el establecimiento de una red de 30 puntos de gravedad absoluta homog\u00e9neamente distribuidos en nuestro territorio.\u00a0\u00a0 <!--more--><\/p>\n<p>El equipo de trabajo estuvo conformado por profesionales del Departamento de Geodesia y Topograf\u00eda de la Universidad de San Pablo, Brasil, del Instituto Geogr\u00e1fico Nacional y los profesores Mar\u00eda In\u00e9s Pastorino y Luis A. Estrada del Dpto. de Geodesia y Topograf\u00eda de la FACET.<\/p>\n<p>La determinaci\u00f3n de estos puntos resulta de gran utilidad para:<br \/>\n\u2022 Conocer la altitud din\u00e1mica de un punto sobre la tierra.<br \/>\n\u2022 Investigar la estructura y composici\u00f3n del subsuelo en exploraci\u00f3n de recursos minerales y petroleros.<br \/>\n\u2022 Detectar movimientos verticales de la corteza terrestre para evaluaci\u00f3n de riesgos s\u00edsmicos o volc\u00e1nicos.<br \/>\n\u2022 Comprobar unidades patr\u00f3n de masa y balanzas de precisi\u00f3n.<br \/>\n\u2022 Detectar desplazamientos de las estaciones permanentes GPS y VLBI.<br \/>\n\u2022 Analizar mareas terrestres.<br \/>\n\u2022 Determinaci\u00f3n de la \u00f3rbita de sat\u00e9lites.<br \/>\nY muchas otras actividades relacionadas con la geodesia y la geof\u00edsica.<\/p>\n<p>Atentamente,<\/p>\n<p>&#8212;<br \/>\nAgr. Ram\u00f3n Eduardo Llorens<br \/>\nJefe de Departamento Geodesia y Geof\u00edsica<br \/>\nFACET &#8211; UNT<\/p>\n","protected":false},"excerpt":{"rendered":"<p>Con la participaci\u00f3n de integrantes del Proyecto e Investigaci\u00f3n del CIUNT, \u201cLevantamiento, Procesamiento e Interpretaci\u00f3n de Datos Geof\u00edsicos\u201d, se estableci\u00f3 un punto de gravedad absoluta en nuestra Facultad, el que qued\u00f3 materializado por una placa en la torre de servicios que comunica los Blocks 1 y 2. El trabajo se encuadra en el Proyecto RAGA [&hellip;]<\/p>\n","protected":false},"author":6,"featured_media":0,"comment_status":"closed","ping_status":"closed","sticky":false,"template":"","format":"standard","meta":[],"categories":[5],"tags":[],"_links":{"self":[{"href":"https:\/\/www.facet.unt.edu.ar\/facetinforma\/wp-json\/wp\/v2\/posts\/5691"}],"collection":[{"href":"https:\/\/www.facet.unt.edu.ar\/facetinforma\/wp-json\/wp\/v2\/posts"}],"about":[{"href":"https:\/\/www.facet.unt.edu.ar\/facetinforma\/wp-json\/wp\/v2\/types\/post"}],"author":[{"embeddable":true,"href":"https:\/\/www.facet.unt.edu.ar\/facetinforma\/wp-json\/wp\/v2\/users\/6"}],"replies":[{"embeddable":true,"href":"https:\/\/www.facet.unt.edu.ar\/facetinforma\/wp-json\/wp\/v2\/comments?post=5691"}],"version-history":[{"count":2,"href":"https:\/\/www.facet.unt.edu.ar\/facetinforma\/wp-json\/wp\/v2\/posts\/5691\/revisions"}],"predecessor-version":[{"id":5693,"href":"https:\/\/www.facet.unt.edu.ar\/facetinforma\/wp-json\/wp\/v2\/posts\/5691\/revisions\/5693"}],"wp:attachment":[{"href":"https:\/\/www.facet.unt.edu.ar\/facetinforma\/wp-json\/wp\/v2\/media?parent=5691"}],"wp:term":[{"taxonomy":"category","embeddable":true,"href":"https:\/\/www.facet.unt.edu.ar\/facetinforma\/wp-json\/wp\/v2\/categories?post=5691"},{"taxonomy":"post_tag","embeddable":true,"href":"https:\/\/www.facet.unt.edu.ar\/facetinforma\/wp-json\/wp\/v2\/tags?post=5691"}],"curies":[{"name":"wp","href":"https:\/\/api.w.org\/{rel}","templated":true}]}}