{"id":5735,"date":"2014-04-28T19:53:38","date_gmt":"2014-04-28T22:53:38","guid":{"rendered":"https:\/\/www.facet.unt.edu.ar\/facetinforma\/?p=5735"},"modified":"2014-04-28T19:53:38","modified_gmt":"2014-04-28T22:53:38","slug":"elecciones-en-la-facet","status":"publish","type":"post","link":"https:\/\/www.facet.unt.edu.ar\/facetinforma\/2014\/04\/28\/elecciones-en-la-facet\/","title":{"rendered":"Elecciones en la FACET"},"content":{"rendered":"<p>El pasado viernes 25 de abril, termin\u00f3 el proceso eleccionario en la FACET para la constituci\u00f3n del Consejo Directivo de la Facultad. El mismo qued\u00f3 conformado de la siguiente manera, seg\u00fan los distintos estamentos:\u00a0\u00a0 <!--more--><br \/>\n<span style=\"text-decoration: underline\">Consejeros Directivos Docentes<\/span><br \/>\nProfesores Titulares: Silvia Palazzi y Sergio Saade.<br \/>\nProfesores Asociados y Adjuntos: Sergio Guti\u00e9rrez y Elsa Ferreyra.<br \/>\nJefes de Trabajos Pr\u00e1cticos y Auxiliares: Andrea Nisihara y Eugenio Nanni.<br \/>\n<span style=\"text-decoration: underline\">Consejeros Directivos No docentes<\/span><br \/>\nBenjam\u00edn Falc\u00f3n.<br \/>\n<span style=\"text-decoration: underline\">Consejeros Directivos Graduados<\/span><br \/>\nMateo Evaristo Bauz\u00e1<br \/>\n<span style=\"text-decoration: underline\">Consejeros Directivos Estudiante<\/span>s<br \/>\nJos\u00e9 Mar\u00eda D\u2019Antuene, Nicol\u00e1s D. Alberti y Ezequiel Arguello Rom\u00e1n.<\/p>\n<p>El Decanato continuar\u00e1 a cargo de las autoridades actuales, Ing. Sergio J. Pagani y Lic. Patricia M Fern\u00e1ndez.<\/p>\n<p><a href=\"https:\/\/www.facet.unt.edu.ar\/facetinforma\/wp-content\/uploads\/sites\/9\/2014\/04\/elecciones-2014.jpg\"><img decoding=\"async\" loading=\"lazy\" class=\"aligncenter size-full wp-image-5736\" src=\"https:\/\/www.facet.unt.edu.ar\/facetinforma\/wp-content\/uploads\/sites\/9\/2014\/04\/elecciones-2014.jpg\" alt=\"elecciones 2014\" width=\"700\" height=\"197\" srcset=\"https:\/\/www.facet.unt.edu.ar\/facetinforma\/wp-content\/uploads\/sites\/9\/2014\/04\/elecciones-2014.jpg 700w, https:\/\/www.facet.unt.edu.ar\/facetinforma\/wp-content\/uploads\/sites\/9\/2014\/04\/elecciones-2014-300x84.jpg 300w\" sizes=\"(max-width: 700px) 100vw, 700px\" \/><\/a><\/p>\n","protected":false},"excerpt":{"rendered":"<p>El pasado viernes 25 de abril, termin\u00f3 el proceso eleccionario en la FACET para la constituci\u00f3n del Consejo Directivo de la Facultad. El mismo qued\u00f3 conformado de la siguiente manera, seg\u00fan los distintos estamentos:\u00a0\u00a0<\/p>\n","protected":false},"author":6,"featured_media":0,"comment_status":"closed","ping_status":"closed","sticky":false,"template":"","format":"standard","meta":[],"categories":[5],"tags":[],"_links":{"self":[{"href":"https:\/\/www.facet.unt.edu.ar\/facetinforma\/wp-json\/wp\/v2\/posts\/5735"}],"collection":[{"href":"https:\/\/www.facet.unt.edu.ar\/facetinforma\/wp-json\/wp\/v2\/posts"}],"about":[{"href":"https:\/\/www.facet.unt.edu.ar\/facetinforma\/wp-json\/wp\/v2\/types\/post"}],"author":[{"embeddable":true,"href":"https:\/\/www.facet.unt.edu.ar\/facetinforma\/wp-json\/wp\/v2\/users\/6"}],"replies":[{"embeddable":true,"href":"https:\/\/www.facet.unt.edu.ar\/facetinforma\/wp-json\/wp\/v2\/comments?post=5735"}],"version-history":[{"count":2,"href":"https:\/\/www.facet.unt.edu.ar\/facetinforma\/wp-json\/wp\/v2\/posts\/5735\/revisions"}],"predecessor-version":[{"id":5738,"href":"https:\/\/www.facet.unt.edu.ar\/facetinforma\/wp-json\/wp\/v2\/posts\/5735\/revisions\/5738"}],"wp:attachment":[{"href":"https:\/\/www.facet.unt.edu.ar\/facetinforma\/wp-json\/wp\/v2\/media?parent=5735"}],"wp:term":[{"taxonomy":"category","embeddable":true,"href":"https:\/\/www.facet.unt.edu.ar\/facetinforma\/wp-json\/wp\/v2\/categories?post=5735"},{"taxonomy":"post_tag","embeddable":true,"href":"https:\/\/www.facet.unt.edu.ar\/facetinforma\/wp-json\/wp\/v2\/tags?post=5735"}],"curies":[{"name":"wp","href":"https:\/\/api.w.org\/{rel}","templated":true}]}}