{"id":5835,"date":"2014-05-13T11:05:27","date_gmt":"2014-05-13T14:05:27","guid":{"rendered":"https:\/\/www.facet.unt.edu.ar\/facetinforma\/?p=5835"},"modified":"2014-05-13T12:29:06","modified_gmt":"2014-05-13T15:29:06","slug":"asuncion-de-autoridades-facet","status":"publish","type":"post","link":"https:\/\/www.facet.unt.edu.ar\/facetinforma\/2014\/05\/13\/asuncion-de-autoridades-facet\/","title":{"rendered":"Asunci\u00f3n de Autoridades FACET"},"content":{"rendered":"<p>La Facultad de Ciencias Exactas y Tecnolog\u00eda de la Universidad Nacional de Tucum\u00e1n, invita a toda su comunidad a participar del acto de asunci\u00f3n de autoridades de \u00e9sta, para el per\u00edodo 2014-2018, a realizarse el d\u00eda <strong>Jueves 15 de Mayo<\/strong> del corriente a\u00f1o a horas <strong>11:00<\/strong>, en la Sala Dr. Orlando Bravo, sita en el primer piso del Block Decanato.<\/p>\n<p>Esperando contar con su \u00a0presencia, saludamos a Uds. \u00a0con distinguida consideraci\u00f3n.<\/p>\n","protected":false},"excerpt":{"rendered":"<p>La Facultad de Ciencias Exactas y Tecnolog\u00eda de la Universidad Nacional de Tucum\u00e1n, invita a toda su comunidad a participar del acto de asunci\u00f3n de autoridades de \u00e9sta, para el per\u00edodo 2014-2018, a realizarse el d\u00eda Jueves 15 de Mayo del corriente a\u00f1o a horas 11:00, en la Sala Dr. Orlando Bravo, sita en el [&hellip;]<\/p>\n","protected":false},"author":6,"featured_media":0,"comment_status":"closed","ping_status":"closed","sticky":false,"template":"","format":"standard","meta":[],"categories":[5],"tags":[],"_links":{"self":[{"href":"https:\/\/www.facet.unt.edu.ar\/facetinforma\/wp-json\/wp\/v2\/posts\/5835"}],"collection":[{"href":"https:\/\/www.facet.unt.edu.ar\/facetinforma\/wp-json\/wp\/v2\/posts"}],"about":[{"href":"https:\/\/www.facet.unt.edu.ar\/facetinforma\/wp-json\/wp\/v2\/types\/post"}],"author":[{"embeddable":true,"href":"https:\/\/www.facet.unt.edu.ar\/facetinforma\/wp-json\/wp\/v2\/users\/6"}],"replies":[{"embeddable":true,"href":"https:\/\/www.facet.unt.edu.ar\/facetinforma\/wp-json\/wp\/v2\/comments?post=5835"}],"version-history":[{"count":2,"href":"https:\/\/www.facet.unt.edu.ar\/facetinforma\/wp-json\/wp\/v2\/posts\/5835\/revisions"}],"predecessor-version":[{"id":5848,"href":"https:\/\/www.facet.unt.edu.ar\/facetinforma\/wp-json\/wp\/v2\/posts\/5835\/revisions\/5848"}],"wp:attachment":[{"href":"https:\/\/www.facet.unt.edu.ar\/facetinforma\/wp-json\/wp\/v2\/media?parent=5835"}],"wp:term":[{"taxonomy":"category","embeddable":true,"href":"https:\/\/www.facet.unt.edu.ar\/facetinforma\/wp-json\/wp\/v2\/categories?post=5835"},{"taxonomy":"post_tag","embeddable":true,"href":"https:\/\/www.facet.unt.edu.ar\/facetinforma\/wp-json\/wp\/v2\/tags?post=5835"}],"curies":[{"name":"wp","href":"https:\/\/api.w.org\/{rel}","templated":true}]}}