{"id":5906,"date":"2014-05-20T17:39:51","date_gmt":"2014-05-20T20:39:51","guid":{"rendered":"https:\/\/www.facet.unt.edu.ar\/facetinforma\/?p=5906"},"modified":"2014-05-20T17:44:02","modified_gmt":"2014-05-20T20:44:02","slug":"xix-jornadas-simultaneas-de-estudiantes-de-ingenieria-industrial","status":"publish","type":"post","link":"https:\/\/www.facet.unt.edu.ar\/facetinforma\/2014\/05\/20\/xix-jornadas-simultaneas-de-estudiantes-de-ingenieria-industrial\/","title":{"rendered":"XIX Jornadas Simult\u00e1neas de Estudiantes de Ingenier\u00eda Industrial"},"content":{"rendered":"<p>Con motivo de llevarse a cabo las <strong>\u201cXIX Jornadas Simult\u00e1neas de Estudiantes de Ingenier\u00eda Industrial\u201d <\/strong>bajo el lema:<em> \u201cUn nuevo reto, la inserci\u00f3n laboral\u201d<\/em><em> \u2013<\/em><strong> XIX JoSEII<\/strong>; nos dirigimos a Usteden representaci\u00f3n de la <strong>Asociaci\u00f3n Argentina de Estudiantes de Ingenier\u00eda Industrial y carreras afines<\/strong> \u2013 <strong>AArEII<\/strong>, con el fin de invitarlo a participar de dicho evento. El mismo se realizar\u00e1 el d\u00eda <strong>23 de Mayo de 2014<\/strong>, a las <strong>16:00 hs <\/strong>en el aula magna de la Facultad de Ciencias Econ\u00f3micas de la Universidad Nacional de Tucum\u00e1n.\u00a0\u00a0\u00a0 <!--more--><\/p>\n<p>Esta jornada tiene por objetivo generar un \u00e1mbito propicio para el aprendizaje y actualizaci\u00f3n de estudiantes de Ingenier\u00eda Industrial y carreras afines, que les aporte las competencias necesarias para ser actores fundamentales del desarrollo sustentable del pa\u00eds. Por tal motivo y teniendo en cuenta las bases con las que la Asociaci\u00f3n trabaja y aporta, tanto a la carrera de Ingenier\u00eda Industrial como a las carreras afines, es de nuestro mayor deseo contar con su presencia.<\/p>\n<p><span style=\"text-decoration: underline\">Cronograma de Actividades<\/span>:<\/p>\n<p><a href=\"https:\/\/www.facet.unt.edu.ar\/facetinforma\/wp-content\/uploads\/sites\/9\/2014\/05\/cronograma.png\"><img decoding=\"async\" loading=\"lazy\" class=\"aligncenter size-full wp-image-5907\" src=\"https:\/\/www.facet.unt.edu.ar\/facetinforma\/wp-content\/uploads\/sites\/9\/2014\/05\/cronograma.png\" alt=\"cronograma\" width=\"295\" height=\"191\" \/><\/a><\/p>\n<p>Las charlas y el taller estar\u00e1n dados por los siguientes disertantes: Ezequiel De La Riva (Buenos Aires), Paul Bleckwedel (Tucum\u00e1n) y Rene Alejandro Ramos (Salta). Lo que har\u00e1n ser\u00e1 compartir sus experiencias en el campo de la inserci\u00f3n laboral, tanto del lado de empleados que fueron, como de empleadores que son ahora.<\/p>\n<p>Resaltamos que dicha Jornada, fue declarada de <strong><em>Inter\u00e9s Acad\u00e9mico <\/em><\/strong>por la Universidad Nacional de Tucum\u00e1n. A su vez cuenta con el respaldo de las instituciones que apoyan mediante su patrocinio a la <strong>AArEII<\/strong>.<\/p>\n<p>La Asociaci\u00f3n Argentina de Estudiantes de Ingenier\u00eda Industrial y Carreras Afines \u2013 AArEII &#8211; es una asociaci\u00f3n civil sin fines de lucro, que propicia la integraci\u00f3n nacional de los estudiantes de Ingenier\u00eda Industrial y afines a trav\u00e9s del intercambio permanente de informaci\u00f3n, la realizaci\u00f3n de congresos y jornadas regionales, nacionales, internacionales y toda otra actividad que persiga tal fin. Consolid\u00e1ndose como la Asociaci\u00f3n de Estudiantes m\u00e1s importante del pa\u00eds en Ingenier\u00eda Industrial y carreras afines y es reconocida por las comunidades social, universitaria y empresarial como referente nacional e internacional de integraci\u00f3n, perfeccionamiento y potenciaci\u00f3n de los estudiantes de nuestra carrera.<\/p>\n<p><span style=\"text-decoration: underline\">Mayores informes<\/span>:<br \/>\nGim\u00e9nez, Francisco Benjam\u00edn<br \/>\nDelegado AArEII \u2013 Universidad Nacional de Tucum\u00e1n<br \/>\nTel: 381 4010470<br \/>\nE-mails: <a href=\"mailto:unt@aareii.org.ar\" target=\"_blank\">unt@aareii.org.ar<\/a> o <a href=\"mailto:benjaafg@hotmail.com\" target=\"_blank\">benjaafg@hotmail.com<\/a><\/p>\n<div id=\"dc_vk_code\"><\/div>\n","protected":false},"excerpt":{"rendered":"<p>Con motivo de llevarse a cabo las \u201cXIX Jornadas Simult\u00e1neas de Estudiantes de Ingenier\u00eda Industrial\u201d bajo el lema: \u201cUn nuevo reto, la inserci\u00f3n laboral\u201d \u2013 XIX JoSEII; nos dirigimos a Usteden representaci\u00f3n de la Asociaci\u00f3n Argentina de Estudiantes de Ingenier\u00eda Industrial y carreras afines \u2013 AArEII, con el fin de invitarlo a participar de dicho [&hellip;]<\/p>\n","protected":false},"author":6,"featured_media":0,"comment_status":"closed","ping_status":"closed","sticky":false,"template":"","format":"standard","meta":[],"categories":[1],"tags":[],"_links":{"self":[{"href":"https:\/\/www.facet.unt.edu.ar\/facetinforma\/wp-json\/wp\/v2\/posts\/5906"}],"collection":[{"href":"https:\/\/www.facet.unt.edu.ar\/facetinforma\/wp-json\/wp\/v2\/posts"}],"about":[{"href":"https:\/\/www.facet.unt.edu.ar\/facetinforma\/wp-json\/wp\/v2\/types\/post"}],"author":[{"embeddable":true,"href":"https:\/\/www.facet.unt.edu.ar\/facetinforma\/wp-json\/wp\/v2\/users\/6"}],"replies":[{"embeddable":true,"href":"https:\/\/www.facet.unt.edu.ar\/facetinforma\/wp-json\/wp\/v2\/comments?post=5906"}],"version-history":[{"count":3,"href":"https:\/\/www.facet.unt.edu.ar\/facetinforma\/wp-json\/wp\/v2\/posts\/5906\/revisions"}],"predecessor-version":[{"id":5910,"href":"https:\/\/www.facet.unt.edu.ar\/facetinforma\/wp-json\/wp\/v2\/posts\/5906\/revisions\/5910"}],"wp:attachment":[{"href":"https:\/\/www.facet.unt.edu.ar\/facetinforma\/wp-json\/wp\/v2\/media?parent=5906"}],"wp:term":[{"taxonomy":"category","embeddable":true,"href":"https:\/\/www.facet.unt.edu.ar\/facetinforma\/wp-json\/wp\/v2\/categories?post=5906"},{"taxonomy":"post_tag","embeddable":true,"href":"https:\/\/www.facet.unt.edu.ar\/facetinforma\/wp-json\/wp\/v2\/tags?post=5906"}],"curies":[{"name":"wp","href":"https:\/\/api.w.org\/{rel}","templated":true}]}}