{"id":5941,"date":"2014-05-28T11:40:08","date_gmt":"2014-05-28T14:40:08","guid":{"rendered":"https:\/\/www.facet.unt.edu.ar\/facetinforma\/?p=5941"},"modified":"2014-05-28T11:42:02","modified_gmt":"2014-05-28T14:42:02","slug":"cadi-2014-extension-de-fecha-de-recepcion-de-trabajos","status":"publish","type":"post","link":"https:\/\/www.facet.unt.edu.ar\/facetinforma\/2014\/05\/28\/cadi-2014-extension-de-fecha-de-recepcion-de-trabajos\/","title":{"rendered":"CADI 2014: Extensi\u00f3n de Fecha de Recepci\u00f3n de Trabajos"},"content":{"rendered":"<p><span style=\"text-decoration: underline\">A la Comunidad Cient\u00edfica y Docentes de la FACET<\/span>:<\/p>\n<p>Debido a las numerosas solicitudes de extensi\u00f3n del &#8220;dead line&#8221; de trabajos para el CADI 2014, el Comit\u00e9 Organizador ha decidido prorrogar la fecha de recepci\u00f3n <strong>hasta las 24hs del d\u00eda lunes 9 de junio pr\u00f3ximo por \u00fanica vez.<br \/>\n<\/strong><!--more--><\/p>\n<p>Cualquier duda al respecto consulte en:\u00a0<strong><a href=\"http:\/\/www.cadi.org.ar\" target=\"_blank\">www.cadi.org.ar<\/a><\/strong><\/p>\n<p>Esperamos su participaci\u00f3n.<\/p>\n<p>Saludos cordiales<\/p>\n<p>&#8212;<br \/>\nDra. Myriam Herrera<br \/>\nCoordinador<br \/>\nComit\u00e9 Cient\u00edfico<br \/>\nCADI 2014<\/p>\n<div id=\"dc_vk_code\"><\/div>\n","protected":false},"excerpt":{"rendered":"<p>A la Comunidad Cient\u00edfica y Docentes de la FACET: Debido a las numerosas solicitudes de extensi\u00f3n del &#8220;dead line&#8221; de trabajos para el CADI 2014, el Comit\u00e9 Organizador ha decidido prorrogar la fecha de recepci\u00f3n hasta las 24hs del d\u00eda lunes 9 de junio pr\u00f3ximo por \u00fanica vez.<\/p>\n","protected":false},"author":6,"featured_media":0,"comment_status":"closed","ping_status":"closed","sticky":false,"template":"","format":"standard","meta":[],"categories":[5],"tags":[],"_links":{"self":[{"href":"https:\/\/www.facet.unt.edu.ar\/facetinforma\/wp-json\/wp\/v2\/posts\/5941"}],"collection":[{"href":"https:\/\/www.facet.unt.edu.ar\/facetinforma\/wp-json\/wp\/v2\/posts"}],"about":[{"href":"https:\/\/www.facet.unt.edu.ar\/facetinforma\/wp-json\/wp\/v2\/types\/post"}],"author":[{"embeddable":true,"href":"https:\/\/www.facet.unt.edu.ar\/facetinforma\/wp-json\/wp\/v2\/users\/6"}],"replies":[{"embeddable":true,"href":"https:\/\/www.facet.unt.edu.ar\/facetinforma\/wp-json\/wp\/v2\/comments?post=5941"}],"version-history":[{"count":3,"href":"https:\/\/www.facet.unt.edu.ar\/facetinforma\/wp-json\/wp\/v2\/posts\/5941\/revisions"}],"predecessor-version":[{"id":5944,"href":"https:\/\/www.facet.unt.edu.ar\/facetinforma\/wp-json\/wp\/v2\/posts\/5941\/revisions\/5944"}],"wp:attachment":[{"href":"https:\/\/www.facet.unt.edu.ar\/facetinforma\/wp-json\/wp\/v2\/media?parent=5941"}],"wp:term":[{"taxonomy":"category","embeddable":true,"href":"https:\/\/www.facet.unt.edu.ar\/facetinforma\/wp-json\/wp\/v2\/categories?post=5941"},{"taxonomy":"post_tag","embeddable":true,"href":"https:\/\/www.facet.unt.edu.ar\/facetinforma\/wp-json\/wp\/v2\/tags?post=5941"}],"curies":[{"name":"wp","href":"https:\/\/api.w.org\/{rel}","templated":true}]}}