{"id":5974,"date":"2014-06-02T18:47:09","date_gmt":"2014-06-02T21:47:09","guid":{"rendered":"https:\/\/www.facet.unt.edu.ar\/facetinforma\/?p=5974"},"modified":"2014-06-03T11:32:12","modified_gmt":"2014-06-03T14:32:12","slug":"conformacion-de-comisiones-del-hcd-facet","status":"publish","type":"post","link":"https:\/\/www.facet.unt.edu.ar\/facetinforma\/2014\/06\/02\/conformacion-de-comisiones-del-hcd-facet\/","title":{"rendered":"Conformaci\u00f3n de Comisiones del Consejo Directivo FACET"},"content":{"rendered":"<p style=\"text-align: left\">La Facultad de Ciencias Exactas y Tecnolog\u00eda Informa a su comunidad universitaria que en la reuni\u00f3n de Consejo Directivo de fecha 29 de Mayo del corriente, se decidi\u00f3:<br \/>\nDesignar como\u00a0Vice\u00a0Decano\u00a0Subrogante al Ing.\u00a0Sergio\u00a0Daniel\u00a0Saade<br \/>\n<span style=\"text-decoration: underline\">D\u00eda\u00a0y\u00a0horario\u00a0de\u00a0las\u00a0Sesiones\u00a0del\u00a0Consejo\u00a0Directivo<\/span>:\u00a0Mi\u00e9rcoles\u00a0a\u00a0hs. 10,00\u00a0\u00a0(1\u00ba\u00a0y\u00a03\u00ba\u00a0Semana\u00a0de c\/mes).\u00a0\u00a0 <!--more--><\/p>\n<p><span style=\"text-decoration: underline\">Integraci\u00f3n\u00a0de\u00a0las\u00a0Comisiones<\/span> :<br \/>\n<em>\u00d8<\/em> <span style=\"text-decoration: underline\"><strong>Comisi\u00f3n\u00a0de\u00a0Ense\u00f1anza\u00a0y\u00a0Disciplina<\/strong><\/span><br \/>\nIng.\u00a0Sergio\u00a0Daniel\u00a0Saade<br \/>\nDra.\u00a0Mercedes\u00a0Marta\u00a0Elsa\u00a0Ferreyra<br \/>\nIng.\u00a0Sergio\u00a0Eduardo\u00a0Guti\u00e9rrez<br \/>\nIng.\u00a0Eugenio\u00a0Nanni<br \/>\nIng.\u00a0Andrea\u00a0Lorena\u00a0Nishihara\u00a0Hun<br \/>\nIng.\u00a0Mateo\u00a0Evaristo\u00a0Bauz\u00e1<br \/>\nSr.\u00a0Jos\u00e9\u00a0Mar\u00eda\u00a0D&#8217;antuene<br \/>\nSr.\u00a0Nicol\u00e1s\u00a0Daniel\u00a0Alberti<br \/>\nSr.\u00a0Ezequiel\u00a0Tom\u00e1s\u00a0Arg\u00fcello\u00a0Rom\u00e1n<\/p>\n<p style=\"text-align: left\">D\u00eda\u00a0y\u00a0horario\u00a0de\u00a0reuni\u00f3n:\u00a0Lunes\u00a08,00\u00a0hs.\u00a0y\u00a0Mi\u00e9rcoles\u00a010,00\u00a0hs\u00a0(2\u00ba\u00a0y\u00a04\u00ba\u00a0Semanas\u00a0del\u00a0mes)<\/p>\n<p>\u00d8 <span style=\"text-decoration: underline\"><strong>Comisi\u00f3n\u00a0de\u00a0Hacienda\u00a0y\u00a0Presupuesto<\/strong><\/span><br \/>\nIng.\u00a0Sergio\u00a0Daniel\u00a0Saade<br \/>\nIng.\u00a0Silvia\u00a0Beatriz\u00a0Palazzi<br \/>\nDra.\u00a0Mercedes\u00a0Marta\u00a0Elsa\u00a0Ferreyra<br \/>\nIng.\u00a0Mateo\u00a0Evaristo\u00a0Bauz\u00e1<br \/>\nSr.\u00a0Jos\u00e9\u00a0Mar\u00eda\u00a0D&#8217;antuene<br \/>\nSr.\u00a0Nicol\u00e1s\u00a0Daniel\u00a0Alberti<br \/>\nSr. Armando Benjam\u00edn Falc\u00f3n<\/p>\n<p style=\"text-align: left\">D\u00eda\u00a0y\u00a0horario\u00a0de\u00a0reuni\u00f3n:\u00a0Viernes\u00a010,00\u00a0hs<\/p>\n<p>\u00d8 <span style=\"text-decoration: underline\"><strong>Comisi\u00f3n\u00a0de\u00a0Interpretaci\u00f3n\u00a0y\u00a0Reglamento<\/strong><\/span><br \/>\nIng.\u00a0Silvia\u00a0Beatriz\u00a0Palazzi<br \/>\nIng.\u00a0Sergio\u00a0Eduardo\u00a0Guti\u00e9rrez<br \/>\nSr.\u00a0Jos\u00e9 Mar\u00eda\u00a0D&#8217;antuene<br \/>\nSr.\u00a0Nicol\u00e1s\u00a0Daniel\u00a0Alberti<br \/>\nSr. Armando Benjam\u00edn Falc\u00f3n<\/p>\n<p style=\"text-align: left\">D\u00eda\u00a0y\u00a0horario\u00a0de\u00a0reuni\u00f3n:\u00a0Martes\u00a010,00\u00a0hs<\/p>\n<p><strong>\u00a0<\/strong><\/p>\n<div id=\"dc_vk_code\"><\/div>\n","protected":false},"excerpt":{"rendered":"<p>La Facultad de Ciencias Exactas y Tecnolog\u00eda Informa a su comunidad universitaria que en la reuni\u00f3n de Consejo Directivo de fecha 29 de Mayo del corriente, se decidi\u00f3: Designar como\u00a0Vice\u00a0Decano\u00a0Subrogante al Ing.\u00a0Sergio\u00a0Daniel\u00a0Saade D\u00eda\u00a0y\u00a0horario\u00a0de\u00a0las\u00a0Sesiones\u00a0del\u00a0Consejo\u00a0Directivo:\u00a0Mi\u00e9rcoles\u00a0a\u00a0hs. 10,00\u00a0\u00a0(1\u00ba\u00a0y\u00a03\u00ba\u00a0Semana\u00a0de c\/mes).\u00a0\u00a0<\/p>\n","protected":false},"author":6,"featured_media":0,"comment_status":"closed","ping_status":"closed","sticky":false,"template":"","format":"standard","meta":[],"categories":[5],"tags":[],"_links":{"self":[{"href":"https:\/\/www.facet.unt.edu.ar\/facetinforma\/wp-json\/wp\/v2\/posts\/5974"}],"collection":[{"href":"https:\/\/www.facet.unt.edu.ar\/facetinforma\/wp-json\/wp\/v2\/posts"}],"about":[{"href":"https:\/\/www.facet.unt.edu.ar\/facetinforma\/wp-json\/wp\/v2\/types\/post"}],"author":[{"embeddable":true,"href":"https:\/\/www.facet.unt.edu.ar\/facetinforma\/wp-json\/wp\/v2\/users\/6"}],"replies":[{"embeddable":true,"href":"https:\/\/www.facet.unt.edu.ar\/facetinforma\/wp-json\/wp\/v2\/comments?post=5974"}],"version-history":[{"count":7,"href":"https:\/\/www.facet.unt.edu.ar\/facetinforma\/wp-json\/wp\/v2\/posts\/5974\/revisions"}],"predecessor-version":[{"id":5984,"href":"https:\/\/www.facet.unt.edu.ar\/facetinforma\/wp-json\/wp\/v2\/posts\/5974\/revisions\/5984"}],"wp:attachment":[{"href":"https:\/\/www.facet.unt.edu.ar\/facetinforma\/wp-json\/wp\/v2\/media?parent=5974"}],"wp:term":[{"taxonomy":"category","embeddable":true,"href":"https:\/\/www.facet.unt.edu.ar\/facetinforma\/wp-json\/wp\/v2\/categories?post=5974"},{"taxonomy":"post_tag","embeddable":true,"href":"https:\/\/www.facet.unt.edu.ar\/facetinforma\/wp-json\/wp\/v2\/tags?post=5974"}],"curies":[{"name":"wp","href":"https:\/\/api.w.org\/{rel}","templated":true}]}}