{"id":616,"date":"2012-04-09T17:58:19","date_gmt":"2012-04-09T17:58:19","guid":{"rendered":"http:\/\/www1.herrera.unt.edu.ar\/facetinforma\/?p=616"},"modified":"2012-04-09T17:58:19","modified_gmt":"2012-04-09T17:58:19","slug":"curso-de-conversacion-en-ingles","status":"publish","type":"post","link":"https:\/\/www.facet.unt.edu.ar\/facetinforma\/2012\/04\/09\/curso-de-conversacion-en-ingles\/","title":{"rendered":"Curso de conversaci\u00f3n en Ingl\u00e9s"},"content":{"rendered":"<p style=\"text-align: left\" align=\"center\"><strong>CURSO DE CONVERSACI\u00d3N EN INGL\u00c9S (Nivel Inicial) \u2013 M\u00d3DULO I<\/strong><\/p>\n<p style=\"text-align: left\" align=\"center\"><strong>CLASES COMIENZAN: <\/strong>Lunes 16 de abril<\/p>\n<p><strong>Horarios:<\/strong><\/p>\n<p>\u00a0\u00a0\u00a0\u00a0\u00a0\u00a0\u00a0\u00a0\u00a0\u00a0\u00a0\u00a0\u00a0\u00a0\u00a0\u00a0\u00a0\u00a0\u00a0\u00a0\u00a0\u00a0 Lunes: 15.30 a 17.30 hs.<\/p>\n<p>\u00a0\u00a0\u00a0\u00a0\u00a0\u00a0\u00a0\u00a0\u00a0\u00a0\u00a0\u00a0\u00a0\u00a0\u00a0\u00a0\u00a0\u00a0\u00a0\u00a0\u00a0\u00a0 Mi\u00e9rcoles: 15.30 a 17.30 hs.<\/p>\n<p>Destinado a la comunidad universitaria: docentes, no docentes y estudiantes. Se entregan certificados otorgados por la FACET.<\/p>\n<p><strong>Informes: <\/strong>Lunes a Viernes de 9 a 12 hs. C\u00e1tedra de Idioma Ingl\u00e9s &#8211; Block Investigaci\u00f3n &#8211; 4\u00b0 Piso. Interno: 7804.<\/p>\n","protected":false},"excerpt":{"rendered":"<p>CURSO DE CONVERSACI\u00d3N EN INGL\u00c9S (Nivel Inicial) \u2013 M\u00d3DULO I CLASES COMIENZAN: Lunes 16 de abril Horarios: \u00a0\u00a0\u00a0\u00a0\u00a0\u00a0\u00a0\u00a0\u00a0\u00a0\u00a0\u00a0\u00a0\u00a0\u00a0\u00a0\u00a0\u00a0\u00a0\u00a0\u00a0\u00a0 Lunes: 15.30 a 17.30 hs. \u00a0\u00a0\u00a0\u00a0\u00a0\u00a0\u00a0\u00a0\u00a0\u00a0\u00a0\u00a0\u00a0\u00a0\u00a0\u00a0\u00a0\u00a0\u00a0\u00a0\u00a0\u00a0 Mi\u00e9rcoles: 15.30 a 17.30 hs. Destinado a la comunidad universitaria: docentes, no docentes y estudiantes. Se entregan certificados otorgados por la FACET. Informes: Lunes a Viernes de 9 a 12 hs. [&hellip;]<\/p>\n","protected":false},"author":6,"featured_media":0,"comment_status":"closed","ping_status":"open","sticky":false,"template":"","format":"standard","meta":[],"categories":[5],"tags":[],"_links":{"self":[{"href":"https:\/\/www.facet.unt.edu.ar\/facetinforma\/wp-json\/wp\/v2\/posts\/616"}],"collection":[{"href":"https:\/\/www.facet.unt.edu.ar\/facetinforma\/wp-json\/wp\/v2\/posts"}],"about":[{"href":"https:\/\/www.facet.unt.edu.ar\/facetinforma\/wp-json\/wp\/v2\/types\/post"}],"author":[{"embeddable":true,"href":"https:\/\/www.facet.unt.edu.ar\/facetinforma\/wp-json\/wp\/v2\/users\/6"}],"replies":[{"embeddable":true,"href":"https:\/\/www.facet.unt.edu.ar\/facetinforma\/wp-json\/wp\/v2\/comments?post=616"}],"version-history":[{"count":0,"href":"https:\/\/www.facet.unt.edu.ar\/facetinforma\/wp-json\/wp\/v2\/posts\/616\/revisions"}],"wp:attachment":[{"href":"https:\/\/www.facet.unt.edu.ar\/facetinforma\/wp-json\/wp\/v2\/media?parent=616"}],"wp:term":[{"taxonomy":"category","embeddable":true,"href":"https:\/\/www.facet.unt.edu.ar\/facetinforma\/wp-json\/wp\/v2\/categories?post=616"},{"taxonomy":"post_tag","embeddable":true,"href":"https:\/\/www.facet.unt.edu.ar\/facetinforma\/wp-json\/wp\/v2\/tags?post=616"}],"curies":[{"name":"wp","href":"https:\/\/api.w.org\/{rel}","templated":true}]}}