{"id":6172,"date":"2014-06-25T13:01:42","date_gmt":"2014-06-25T16:01:42","guid":{"rendered":"https:\/\/www.facet.unt.edu.ar\/facetinforma\/?p=6172"},"modified":"2014-06-25T13:26:47","modified_gmt":"2014-06-25T16:26:47","slug":"convocatoria-d-tec-para-doctores-e-ingenieros-para-transferencia","status":"publish","type":"post","link":"https:\/\/www.facet.unt.edu.ar\/facetinforma\/2014\/06\/25\/convocatoria-d-tec-para-doctores-e-ingenieros-para-transferencia\/","title":{"rendered":"Convocatoria D-Tec para Doctores e Ingenieros para Transferencia"},"content":{"rendered":"<p>El Instituto de Investigaci\u00f3n en Luz, Ambiente y Visi\u00f3n (CONICET-Universidad Nacional de Tucum\u00e1n) llama a Concurso de antecedentes a interesados a participar en el proyecto: <strong>\u201cDesarrollo Tecnol\u00f3gico de Equipos Especializados en Luz Y Visi\u00f3n\u201d.<br \/>\n<\/strong><!--more--><\/p>\n<p>En el marco de la Convocatoria: Doctores en Universidades para Transferencia Tecnol\u00f3gica D-TEC:<br \/>\n\u201cEl D-TEC tiene como objetivo principal incrementar el volumen de transferencia tecnol\u00f3gica de las universidades p\u00fablicas hacia el medio regional en el que est\u00e1n insertas. Para ello financiar\u00e1 la incorporaci\u00f3n en estas instituciones de profesionales altamente calificados con t\u00edtulo reciente de doctorado, para iniciar, ampliar y\/o mejorar las capacidades de producir y transferir conocimiento y\/o servicios orientados a remover obst\u00e1culos tecnol\u00f3gicos y\/o aprovechar oportunidades del sector productivo o social a escala regional con nuevas tecnolog\u00edas. Asimismo, sensibilizar a las instituciones p\u00fablicas y privadas, y a los profesionales que act\u00faan ya sea en el \u00e1mbito productivo como en actividades de investigaci\u00f3n en \u00e1reas de potencialidad tecnol\u00f3gica, sobre la importancia y ventajas que se derivan de la articulaci\u00f3n de los distintos actores en el marco de un proyecto de crecimiento inclusivo basado en la competitividad din\u00e1mica\u201d.<\/p>\n<p>El proyecto se desarrollar\u00e1 en el <strong>INSTITUTO DE INVESTIGAC\u00d3N EN LUZ, AMBIENTE Y VISI\u00d3N (UNT-CONICET), Facultad de Ciencias Exactas y Tecnolog\u00eda, Universidad Nacional de Tucum\u00e1n, <\/strong>sito en Av. Independencia 1.800. San Miguel de Tucum\u00e1n. Tucum\u00e1n. Argentina.<\/p>\n<p>Se encuentra abierta la<strong> convocatoria<\/strong> para:<\/p>\n<p>\u00b7\u00a0\u00a0\u00a0\u00a0\u00a0\u00a0\u00a0\u00a0 2 (dos) Becas Postdoctorales (de tres a\u00f1os de duraci\u00f3n),<\/p>\n<p>\u00b7\u00a0\u00a0\u00a0\u00a0\u00a0\u00a0\u00a0\u00a0 4 (cuatro) Becas PAF (Profesionales de Apoyo en Formaci\u00f3n) de tres a\u00f1os de duraci\u00f3n.<\/p>\n<p>Para acceder a las bases y condiciones de la convocatoria haga click <a href=\"\/\/www.facet.unt.edu.ar\/facetinforma\/wp-content\/uploads\/sites\/9\/2014\/06\/Bases-y-Condiciones-Beca-D-TEC-DLLyV.pdf\" target=\"_blank\">aqu\u00ed<\/a>.<\/p>\n<p><span style=\"text-decoration: underline\">Periodo de la convocatoria<\/span>:\u00a0del <strong>16 de Junio hasta el 30 de Junio de 2014<\/strong>.<\/p>\n<p>Las consultas deben dirigirse a: <a href=\"mailto:ecolombo@herrera.unt.edu.ar\">ecolombo@herrera.unt.edu.ar<\/a><\/p>\n<div id=\"dc_vk_code\"><\/div>\n","protected":false},"excerpt":{"rendered":"<p>El Instituto de Investigaci\u00f3n en Luz, Ambiente y Visi\u00f3n (CONICET-Universidad Nacional de Tucum\u00e1n) llama a Concurso de antecedentes a interesados a participar en el proyecto: \u201cDesarrollo Tecnol\u00f3gico de Equipos Especializados en Luz Y Visi\u00f3n\u201d.<\/p>\n","protected":false},"author":6,"featured_media":0,"comment_status":"closed","ping_status":"closed","sticky":false,"template":"","format":"standard","meta":[],"categories":[5],"tags":[],"_links":{"self":[{"href":"https:\/\/www.facet.unt.edu.ar\/facetinforma\/wp-json\/wp\/v2\/posts\/6172"}],"collection":[{"href":"https:\/\/www.facet.unt.edu.ar\/facetinforma\/wp-json\/wp\/v2\/posts"}],"about":[{"href":"https:\/\/www.facet.unt.edu.ar\/facetinforma\/wp-json\/wp\/v2\/types\/post"}],"author":[{"embeddable":true,"href":"https:\/\/www.facet.unt.edu.ar\/facetinforma\/wp-json\/wp\/v2\/users\/6"}],"replies":[{"embeddable":true,"href":"https:\/\/www.facet.unt.edu.ar\/facetinforma\/wp-json\/wp\/v2\/comments?post=6172"}],"version-history":[{"count":6,"href":"https:\/\/www.facet.unt.edu.ar\/facetinforma\/wp-json\/wp\/v2\/posts\/6172\/revisions"}],"predecessor-version":[{"id":6184,"href":"https:\/\/www.facet.unt.edu.ar\/facetinforma\/wp-json\/wp\/v2\/posts\/6172\/revisions\/6184"}],"wp:attachment":[{"href":"https:\/\/www.facet.unt.edu.ar\/facetinforma\/wp-json\/wp\/v2\/media?parent=6172"}],"wp:term":[{"taxonomy":"category","embeddable":true,"href":"https:\/\/www.facet.unt.edu.ar\/facetinforma\/wp-json\/wp\/v2\/categories?post=6172"},{"taxonomy":"post_tag","embeddable":true,"href":"https:\/\/www.facet.unt.edu.ar\/facetinforma\/wp-json\/wp\/v2\/tags?post=6172"}],"curies":[{"name":"wp","href":"https:\/\/api.w.org\/{rel}","templated":true}]}}