{"id":6216,"date":"2014-06-30T17:29:02","date_gmt":"2014-06-30T20:29:02","guid":{"rendered":"https:\/\/www.facet.unt.edu.ar\/facetinforma\/?p=6216"},"modified":"2014-06-30T17:29:02","modified_gmt":"2014-06-30T20:29:02","slug":"consejo-directivo-facet-orden-del-dia-02072014","status":"publish","type":"post","link":"https:\/\/www.facet.unt.edu.ar\/facetinforma\/2014\/06\/30\/consejo-directivo-facet-orden-del-dia-02072014\/","title":{"rendered":"Consejo Directivo FACET &#8211; Orden del D\u00eda 02\/07\/2014"},"content":{"rendered":"<p>Se\u00f1or\/a Consejero\/a<\/p>\n<p>Por disposici\u00f3n del Sr. Decano, invitamos a Ud. a la Reuni\u00f3n Ordinaria del Consejo Directivo, que se realizar\u00e1 el d\u00eda Mi\u00e9rcoles 02 de Julio a horas 10:00 para considerar el siguiente:<\/p>\n<p><strong>&#8211; <a href=\"https:\/\/www.facet.unt.edu.ar\/facetinforma\/wp-content\/uploads\/sites\/9\/2014\/06\/Orden-del-D\u00eda-02-07-14.pdf\" target=\"_blank\">ORDEN DEL DIA 02-07-2014.pdf<\/a><\/strong><\/p>\n<div id=\"dc_vk_code\"><\/div>\n","protected":false},"excerpt":{"rendered":"<p>Se\u00f1or\/a Consejero\/a Por disposici\u00f3n del Sr. Decano, invitamos a Ud. a la Reuni\u00f3n Ordinaria del Consejo Directivo, que se realizar\u00e1 el d\u00eda Mi\u00e9rcoles 02 de Julio a horas 10:00 para considerar el siguiente: &#8211; ORDEN DEL DIA 02-07-2014.pdf<\/p>\n","protected":false},"author":6,"featured_media":0,"comment_status":"closed","ping_status":"closed","sticky":false,"template":"","format":"standard","meta":[],"categories":[5],"tags":[],"_links":{"self":[{"href":"https:\/\/www.facet.unt.edu.ar\/facetinforma\/wp-json\/wp\/v2\/posts\/6216"}],"collection":[{"href":"https:\/\/www.facet.unt.edu.ar\/facetinforma\/wp-json\/wp\/v2\/posts"}],"about":[{"href":"https:\/\/www.facet.unt.edu.ar\/facetinforma\/wp-json\/wp\/v2\/types\/post"}],"author":[{"embeddable":true,"href":"https:\/\/www.facet.unt.edu.ar\/facetinforma\/wp-json\/wp\/v2\/users\/6"}],"replies":[{"embeddable":true,"href":"https:\/\/www.facet.unt.edu.ar\/facetinforma\/wp-json\/wp\/v2\/comments?post=6216"}],"version-history":[{"count":2,"href":"https:\/\/www.facet.unt.edu.ar\/facetinforma\/wp-json\/wp\/v2\/posts\/6216\/revisions"}],"predecessor-version":[{"id":6218,"href":"https:\/\/www.facet.unt.edu.ar\/facetinforma\/wp-json\/wp\/v2\/posts\/6216\/revisions\/6218"}],"wp:attachment":[{"href":"https:\/\/www.facet.unt.edu.ar\/facetinforma\/wp-json\/wp\/v2\/media?parent=6216"}],"wp:term":[{"taxonomy":"category","embeddable":true,"href":"https:\/\/www.facet.unt.edu.ar\/facetinforma\/wp-json\/wp\/v2\/categories?post=6216"},{"taxonomy":"post_tag","embeddable":true,"href":"https:\/\/www.facet.unt.edu.ar\/facetinforma\/wp-json\/wp\/v2\/tags?post=6216"}],"curies":[{"name":"wp","href":"https:\/\/api.w.org\/{rel}","templated":true}]}}