{"id":6376,"date":"2014-08-06T17:43:02","date_gmt":"2014-08-06T20:43:02","guid":{"rendered":"https:\/\/www.facet.unt.edu.ar\/facetinforma\/?p=6376"},"modified":"2014-08-06T18:12:24","modified_gmt":"2014-08-06T21:12:24","slug":"charla-tecnica-wereables-pequenos-dispositivos-grandes-posibilidades","status":"publish","type":"post","link":"https:\/\/www.facet.unt.edu.ar\/facetinforma\/2014\/08\/06\/charla-tecnica-wereables-pequenos-dispositivos-grandes-posibilidades\/","title":{"rendered":"Charla T\u00e9cnica: \u201cWEREABLES: Peque\u00f1os Dispositivos, Grandes Posibilidades\u201d"},"content":{"rendered":"<p>La Facultad de Ciencias Exactas y Tecnolog\u00eda de la Universidad Nacional de Tucum\u00e1n y Belatrix Software te invitan a participar de la Charla T\u00e9cnica:<\/p>\n<p style=\"text-align: center\"><strong>\u201cWEREABLES: PEQUE\u00d1OS DISPOSITIVOS, GRANDES\u00a0 POSIBILIDADES\u201d<\/strong><br \/>\n<strong>dictado por ABEL MART\u00cdN<br \/>\nMARTES 12 DE AGOSTO DE 2014 \u2013 12:00 HS.<\/strong><br \/>\n<strong> Sala de Medios Audiovisuales \u2013 1\u00ba Piso\u2013 Block 3 \u2013 Av. Independencia 1800<\/strong><br \/>\n<strong> CUPOS LIMITADOS &#8211; Se entregar\u00e1n Certificados de Asistencia<\/strong><\/p>\n<p>La charla est\u00e1 destinado a Alumno\/as Avanzado\/as (70% de Avance) o Graduado\/as de las carreras de Ingenier\u00eda en Computaci\u00f3n y Licenciatura en Inform\u00e1tica y Graduado\/as de la carrera de Programador Universitario de la FACET.<\/p>\n<p>Los interesados en participar de la Charla, deben RESERVAR su lugar enviando un mail hasta el Domingo 10 de Agosto de 2014 a <a href=\"mailto:sae.facet@gmail.com\">sae.facet@gmail.com<\/a> destacando en el Asunto la palabra: \u201cWEREABLES\u201d, indicando en el Cuerpo del Mail los siguientes datos personales: Nombre\/s y Apellido\/s completo, DNI, Carrera, Libreta Universitaria (CX).<\/p>\n<p>Atentamente<\/p>\n<p>&#8212;<br \/>\nIng. Marcelo Emilio Leiva<br \/>\nCoordinador de Becas y Pasant\u00edas<br \/>\nSecretar\u00eda de Bienestar Estudiantil<br \/>\nFACET &#8211; UNT<\/p>\n<div id=\"dc_vk_code\"><\/div>\n","protected":false},"excerpt":{"rendered":"<p>La Facultad de Ciencias Exactas y Tecnolog\u00eda de la Universidad Nacional de Tucum\u00e1n y Belatrix Software te invitan a participar de la Charla T\u00e9cnica: \u201cWEREABLES: PEQUE\u00d1OS DISPOSITIVOS, GRANDES\u00a0 POSIBILIDADES\u201d dictado por ABEL MART\u00cdN MARTES 12 DE AGOSTO DE 2014 \u2013 12:00 HS. Sala de Medios Audiovisuales \u2013 1\u00ba Piso\u2013 Block 3 \u2013 Av. Independencia 1800 [&hellip;]<\/p>\n","protected":false},"author":6,"featured_media":0,"comment_status":"closed","ping_status":"closed","sticky":false,"template":"","format":"standard","meta":[],"categories":[5,6],"tags":[],"_links":{"self":[{"href":"https:\/\/www.facet.unt.edu.ar\/facetinforma\/wp-json\/wp\/v2\/posts\/6376"}],"collection":[{"href":"https:\/\/www.facet.unt.edu.ar\/facetinforma\/wp-json\/wp\/v2\/posts"}],"about":[{"href":"https:\/\/www.facet.unt.edu.ar\/facetinforma\/wp-json\/wp\/v2\/types\/post"}],"author":[{"embeddable":true,"href":"https:\/\/www.facet.unt.edu.ar\/facetinforma\/wp-json\/wp\/v2\/users\/6"}],"replies":[{"embeddable":true,"href":"https:\/\/www.facet.unt.edu.ar\/facetinforma\/wp-json\/wp\/v2\/comments?post=6376"}],"version-history":[{"count":2,"href":"https:\/\/www.facet.unt.edu.ar\/facetinforma\/wp-json\/wp\/v2\/posts\/6376\/revisions"}],"predecessor-version":[{"id":6385,"href":"https:\/\/www.facet.unt.edu.ar\/facetinforma\/wp-json\/wp\/v2\/posts\/6376\/revisions\/6385"}],"wp:attachment":[{"href":"https:\/\/www.facet.unt.edu.ar\/facetinforma\/wp-json\/wp\/v2\/media?parent=6376"}],"wp:term":[{"taxonomy":"category","embeddable":true,"href":"https:\/\/www.facet.unt.edu.ar\/facetinforma\/wp-json\/wp\/v2\/categories?post=6376"},{"taxonomy":"post_tag","embeddable":true,"href":"https:\/\/www.facet.unt.edu.ar\/facetinforma\/wp-json\/wp\/v2\/tags?post=6376"}],"curies":[{"name":"wp","href":"https:\/\/api.w.org\/{rel}","templated":true}]}}