{"id":6496,"date":"2014-08-15T18:32:38","date_gmt":"2014-08-15T21:32:38","guid":{"rendered":"https:\/\/www.facet.unt.edu.ar\/facetinforma\/?p=6496"},"modified":"2014-08-15T19:02:37","modified_gmt":"2014-08-15T22:02:37","slug":"consejo-directivo-facet-orden-del-dia-200814","status":"publish","type":"post","link":"https:\/\/www.facet.unt.edu.ar\/facetinforma\/2014\/08\/15\/consejo-directivo-facet-orden-del-dia-200814\/","title":{"rendered":"Consejo Directivo FACET- Orden del D\u00eda 20\/08\/14"},"content":{"rendered":"<p>Se\u00f1or\/a Consejero\/a Por disposici\u00f3n del Sr. Decano, invitamos a Ud. a la Reuni\u00f3n Ordinaria del Consejo Directivo, que se realizar\u00e1 el d\u00eda <strong>Mi\u00e9rcoles 20 de Agosto<\/strong> a horas 10:00 para considerar el siguiente: &#8211;\u00a0\u00a0<a href=\"https:\/\/www.facet.unt.edu.ar\/facetinforma\/wp-content\/uploads\/sites\/9\/2014\/08\/Orden-del-D\u00eda-20-08-14-Reunion-Ordinaria.pdf\" target=\"_blank\">ORDEN DEL DIA 20\/08\/2014.pdf <\/a><strong>\u00a0<\/strong><\/p>\n","protected":false},"excerpt":{"rendered":"<p>Se\u00f1or\/a Consejero\/a Por disposici\u00f3n del Sr. Decano, invitamos a Ud. a la Reuni\u00f3n Ordinaria del Consejo Directivo, que se realizar\u00e1 el d\u00eda Mi\u00e9rcoles 20 de Agosto a horas 10:00 para considerar el siguiente: &#8211;\u00a0\u00a0ORDEN DEL DIA 20\/08\/2014.pdf \u00a0<\/p>\n","protected":false},"author":6,"featured_media":0,"comment_status":"closed","ping_status":"closed","sticky":false,"template":"","format":"standard","meta":[],"categories":[5],"tags":[],"_links":{"self":[{"href":"https:\/\/www.facet.unt.edu.ar\/facetinforma\/wp-json\/wp\/v2\/posts\/6496"}],"collection":[{"href":"https:\/\/www.facet.unt.edu.ar\/facetinforma\/wp-json\/wp\/v2\/posts"}],"about":[{"href":"https:\/\/www.facet.unt.edu.ar\/facetinforma\/wp-json\/wp\/v2\/types\/post"}],"author":[{"embeddable":true,"href":"https:\/\/www.facet.unt.edu.ar\/facetinforma\/wp-json\/wp\/v2\/users\/6"}],"replies":[{"embeddable":true,"href":"https:\/\/www.facet.unt.edu.ar\/facetinforma\/wp-json\/wp\/v2\/comments?post=6496"}],"version-history":[{"count":6,"href":"https:\/\/www.facet.unt.edu.ar\/facetinforma\/wp-json\/wp\/v2\/posts\/6496\/revisions"}],"predecessor-version":[{"id":6507,"href":"https:\/\/www.facet.unt.edu.ar\/facetinforma\/wp-json\/wp\/v2\/posts\/6496\/revisions\/6507"}],"wp:attachment":[{"href":"https:\/\/www.facet.unt.edu.ar\/facetinforma\/wp-json\/wp\/v2\/media?parent=6496"}],"wp:term":[{"taxonomy":"category","embeddable":true,"href":"https:\/\/www.facet.unt.edu.ar\/facetinforma\/wp-json\/wp\/v2\/categories?post=6496"},{"taxonomy":"post_tag","embeddable":true,"href":"https:\/\/www.facet.unt.edu.ar\/facetinforma\/wp-json\/wp\/v2\/tags?post=6496"}],"curies":[{"name":"wp","href":"https:\/\/api.w.org\/{rel}","templated":true}]}}