{"id":6576,"date":"2014-08-26T18:05:21","date_gmt":"2014-08-26T21:05:21","guid":{"rendered":"https:\/\/www.facet.unt.edu.ar\/facetinforma\/?p=6576"},"modified":"2014-08-26T18:31:45","modified_gmt":"2014-08-26T21:31:45","slug":"viii-encuentro-regional-de-cambio-climatico-del-noa","status":"publish","type":"post","link":"https:\/\/www.facet.unt.edu.ar\/facetinforma\/2014\/08\/26\/viii-encuentro-regional-de-cambio-climatico-del-noa\/","title":{"rendered":"VIII\u00b0 Encuentro Regional de Cambio Clim\u00e1tico del NOA"},"content":{"rendered":"<p><strong>La Dra. Anna S\u00f6rensson, Master of Science de la Universidad de Link\u00f6ping, Suecia, expondr\u00e1 sobre Modelos Clim\u00e1ticos durante el bloque vespertino del VIII\u00b0 Encuentro Regional de Cambio Clim\u00e1tico del\u00a0 NOA, que se realizar\u00e1 \u00a0en el Hotel Catalina\u2019s Park el pr\u00f3ximo jueves 28 de agosto, de 9:00 a 18:30 hs.<\/strong><\/p>\n<p>En el marco del Proyecto Tercera Comunicaci\u00f3n Nacional de Cambio Clim\u00e1tico\u00a0(<a href=\"http:\/\/www.ambiente.gob.ar\/?idseccion=356\" target=\"_blank\">www.ambiente.gob.ar\/?idseccion=356<\/a>), un equipo de expertos del Centro de Investigaciones del Mar y la Atm\u00f3sfera (CIMA) coordinado por la Dra. S\u00f6rensson realiz\u00f3 una evaluaci\u00f3n de las tendencias del clima desde la segunda mitad del siglo XX y una proyecci\u00f3n del clima futuro en Argentina.<\/p>\n<p>Adem\u00e1s desarroll\u00f3 una base de datos online que ser\u00e1 de acceso abierto y p\u00fablico. All\u00ed habr\u00e1 informaci\u00f3n relevante para los estudios de impacto del cambio clim\u00e1tico, tanto del clima observado como del proyectado para las pr\u00f3ximas d\u00e9cadas,\u00a0detallada por regiones.<\/p>\n<p>En el estudio se utilizaron conjuntos de datos globales elaborados por organismos internacionales m\u00e1s utilizados en las investigaciones de cambio clim\u00e1tico en el mundo. Respecto a la Argentina continental los estudios est\u00e1n basados en observaciones del Servicio Meteorol\u00f3gico Nacional. En tanto al an\u00e1lisis de los cambios clim\u00e1ticos se circunscribi\u00f3 al per\u00edodo 1960-2010, denominado pasado reciente.<\/p>\n<p>La exposici\u00f3n de la Dra.\u00a0Dra. Anna S\u00f6rensson, quien tambi\u00e9n es doctora en Ciencias de la Atm\u00f3sfera \u2013 UBA, se realizar\u00e1 durante la tarde en el VIII\u00b0 Encuentro Regional de Cambio Clim\u00e1tico del NOA, el cual es organizado por la Secretar\u00eda de Estado de Medio Ambiente de Tucum\u00e1n, la Secretar\u00eda de Innovaci\u00f3n y Desarrollo Tecnol\u00f3gico de Tucum\u00e1n, la Estaci\u00f3n Experimental Agroindustrial Obispo Colombres y la Secretar\u00eda de Ambiente y Desarrollo Sustentable de la Naci\u00f3n (SAyDS).<\/p>\n<p>Tambi\u00e9n expondr\u00e1 el Dr. Juan Leonidas Minetti, Director del Laboratorio Climatol\u00f3gico Sudamericano sobre\u00a0\u201cImpacto del Calentamiento Global en los sistemas convectivos de gran escala, el caso del NOA\u201d.<\/p>\n<p>Se adjunta p\u00f3ster, invitaci\u00f3n y programa del VIII\u00b0 Encuentro Regional de Cambio Clim\u00e1tico del NOA:<br \/>\n&#8211;\u00a0\u00a0\u00a0\u00a0\u00a0\u00a0 <a href=\"https:\/\/www.facet.unt.edu.ar\/facetinforma\/wp-content\/uploads\/sites\/9\/2014\/08\/Poster-ENCUENTRO-CAMBIO-CLIMATICO.jpg\" target=\"_blank\">P\u00f3ster.pdf<\/a><br \/>\n&#8211;\u00a0\u00a0\u00a0\u00a0\u00a0\u00a0 <a href=\"https:\/\/www.facet.unt.edu.ar\/facetinforma\/wp-content\/uploads\/sites\/9\/2014\/08\/Invitaci\u00f3n-JORNADA-CAMBIO-CLIMATICO.pdf\" target=\"_blank\">Invitaci\u00f3n.pdf<\/a><br \/>\n&#8211;\u00a0\u00a0\u00a0\u00a0\u00a0\u00a0 <a href=\"https:\/\/www.facet.unt.edu.ar\/facetinforma\/wp-content\/uploads\/sites\/9\/2014\/08\/PROGRAMA-VIII-ENCUENTRO-REGIONAL-CC.pdf\" target=\"_blank\">Programa.pdf<\/a><\/p>\n<p><strong>AVISO IMPORTANTE: El encuentro no se suspende por el paro de transporte.<\/strong><\/p>\n<p><strong><span style=\"text-decoration: underline\">INFORMES<\/span>:\u00a0<\/strong><br \/>\nDra. Florencia Sayago<br \/>\nResponsable del Punto Focal Provincial de Cambio Clim\u00e1tico<br \/>\nE-mail: <a href=\"mailto:florenciasayago@yahoo.com.ar\" target=\"_blank\">florenciasayago@yahoo.com.ar<\/a><br \/>\nSecretar\u00eda de Estado de Medio Ambiente, \u00a0Br\u00edgido Ter\u00e1n 650. SMT. Tel: 0381 \u2013 4526392<\/p>\n","protected":false},"excerpt":{"rendered":"<p>La Dra. Anna S\u00f6rensson, Master of Science de la Universidad de Link\u00f6ping, Suecia, expondr\u00e1 sobre Modelos Clim\u00e1ticos durante el bloque vespertino del VIII\u00b0 Encuentro Regional de Cambio Clim\u00e1tico del\u00a0 NOA, que se realizar\u00e1 \u00a0en el Hotel Catalina\u2019s Park el pr\u00f3ximo jueves 28 de agosto, de 9:00 a 18:30 hs. En el marco del Proyecto Tercera [&hellip;]<\/p>\n","protected":false},"author":6,"featured_media":0,"comment_status":"closed","ping_status":"closed","sticky":false,"template":"","format":"standard","meta":[],"categories":[5],"tags":[],"_links":{"self":[{"href":"https:\/\/www.facet.unt.edu.ar\/facetinforma\/wp-json\/wp\/v2\/posts\/6576"}],"collection":[{"href":"https:\/\/www.facet.unt.edu.ar\/facetinforma\/wp-json\/wp\/v2\/posts"}],"about":[{"href":"https:\/\/www.facet.unt.edu.ar\/facetinforma\/wp-json\/wp\/v2\/types\/post"}],"author":[{"embeddable":true,"href":"https:\/\/www.facet.unt.edu.ar\/facetinforma\/wp-json\/wp\/v2\/users\/6"}],"replies":[{"embeddable":true,"href":"https:\/\/www.facet.unt.edu.ar\/facetinforma\/wp-json\/wp\/v2\/comments?post=6576"}],"version-history":[{"count":4,"href":"https:\/\/www.facet.unt.edu.ar\/facetinforma\/wp-json\/wp\/v2\/posts\/6576\/revisions"}],"predecessor-version":[{"id":6583,"href":"https:\/\/www.facet.unt.edu.ar\/facetinforma\/wp-json\/wp\/v2\/posts\/6576\/revisions\/6583"}],"wp:attachment":[{"href":"https:\/\/www.facet.unt.edu.ar\/facetinforma\/wp-json\/wp\/v2\/media?parent=6576"}],"wp:term":[{"taxonomy":"category","embeddable":true,"href":"https:\/\/www.facet.unt.edu.ar\/facetinforma\/wp-json\/wp\/v2\/categories?post=6576"},{"taxonomy":"post_tag","embeddable":true,"href":"https:\/\/www.facet.unt.edu.ar\/facetinforma\/wp-json\/wp\/v2\/tags?post=6576"}],"curies":[{"name":"wp","href":"https:\/\/api.w.org\/{rel}","templated":true}]}}