{"id":658,"date":"2012-04-12T10:30:18","date_gmt":"2012-04-12T10:30:18","guid":{"rendered":"http:\/\/www1.herrera.unt.edu.ar\/facetinforma\/?p=658"},"modified":"2012-04-12T10:30:18","modified_gmt":"2012-04-12T10:30:18","slug":"charla-leds-tendencias-en-productos-y-proyectos-resueltos-en-argentina","status":"publish","type":"post","link":"https:\/\/www.facet.unt.edu.ar\/facetinforma\/2012\/04\/12\/charla-leds-tendencias-en-productos-y-proyectos-resueltos-en-argentina\/","title":{"rendered":"Charla: LEDs \u2013 Tendencias en productos y Proyectos resueltos en Argentina"},"content":{"rendered":"<p style=\"text-align: justify\">El Departamento de Luminotecnia Luz y Visi\u00f3n, invita a Ud. a participar del Ciclo de Charlas sobre Nuevas Tecnolog\u00edas en Iluminaci\u00f3n:<\/p>\n<p>LEDs \u2013 Tendencias en productos y Proyectos resueltos en Argentina por Arq. Guillermo Pasina<br \/> Jueves 12 de Abril 2012, 19:00h. &#8211; Libre sin cargo*<\/p>\n<p>Departamento de Luminotecnia Luz y Visi\u00f3n,<br \/> FaCEyT, Universidad Nacional de Tucum\u00e1n, Av. Independencia 1800.<br \/> Tel.\/Fax: +54 381 4361936 &#8211; 4364093 int. 7785 \/ 7715 *<\/p>\n","protected":false},"excerpt":{"rendered":"<p>El Departamento de Luminotecnia Luz y Visi\u00f3n, invita a Ud. a participar del Ciclo de Charlas sobre Nuevas Tecnolog\u00edas en Iluminaci\u00f3n: LEDs \u2013 Tendencias en productos y Proyectos resueltos en Argentina por Arq. Guillermo Pasina Jueves 12 de Abril 2012, 19:00h. &#8211; Libre sin cargo* Departamento de Luminotecnia Luz y Visi\u00f3n, FaCEyT, Universidad Nacional de [&hellip;]<\/p>\n","protected":false},"author":6,"featured_media":0,"comment_status":"closed","ping_status":"open","sticky":false,"template":"","format":"standard","meta":[],"categories":[5],"tags":[],"_links":{"self":[{"href":"https:\/\/www.facet.unt.edu.ar\/facetinforma\/wp-json\/wp\/v2\/posts\/658"}],"collection":[{"href":"https:\/\/www.facet.unt.edu.ar\/facetinforma\/wp-json\/wp\/v2\/posts"}],"about":[{"href":"https:\/\/www.facet.unt.edu.ar\/facetinforma\/wp-json\/wp\/v2\/types\/post"}],"author":[{"embeddable":true,"href":"https:\/\/www.facet.unt.edu.ar\/facetinforma\/wp-json\/wp\/v2\/users\/6"}],"replies":[{"embeddable":true,"href":"https:\/\/www.facet.unt.edu.ar\/facetinforma\/wp-json\/wp\/v2\/comments?post=658"}],"version-history":[{"count":0,"href":"https:\/\/www.facet.unt.edu.ar\/facetinforma\/wp-json\/wp\/v2\/posts\/658\/revisions"}],"wp:attachment":[{"href":"https:\/\/www.facet.unt.edu.ar\/facetinforma\/wp-json\/wp\/v2\/media?parent=658"}],"wp:term":[{"taxonomy":"category","embeddable":true,"href":"https:\/\/www.facet.unt.edu.ar\/facetinforma\/wp-json\/wp\/v2\/categories?post=658"},{"taxonomy":"post_tag","embeddable":true,"href":"https:\/\/www.facet.unt.edu.ar\/facetinforma\/wp-json\/wp\/v2\/tags?post=658"}],"curies":[{"name":"wp","href":"https:\/\/api.w.org\/{rel}","templated":true}]}}