{"id":6586,"date":"2014-08-27T17:16:18","date_gmt":"2014-08-27T20:16:18","guid":{"rendered":"https:\/\/www.facet.unt.edu.ar\/facetinforma\/?p=6586"},"modified":"2014-08-27T17:31:29","modified_gmt":"2014-08-27T20:31:29","slug":"curso-de-lecto-comprension-de-textos-en-idioma-portugues-valido-para-carreras-de-posgrado","status":"publish","type":"post","link":"https:\/\/www.facet.unt.edu.ar\/facetinforma\/2014\/08\/27\/curso-de-lecto-comprension-de-textos-en-idioma-portugues-valido-para-carreras-de-posgrado\/","title":{"rendered":"Curso de Lecto Comprensi\u00f3n de Textos en Idioma Portugu\u00e9s &#8211; V\u00e1lido para Carreras de Posgrado"},"content":{"rendered":"<p style=\"text-align: center\"><strong>ABIERTAS LAS INSCRIPCIONES &#8211; 2do Cuatrimestre 2014<\/strong><\/p>\n<p>Curso especialmente dise\u00f1ado para satisfacer las exigencias idiom\u00e1ticas de los programas de postgrado en carreras de nuestra universidad.<\/p>\n<ul>\n<li><strong><em>Comisi\u00f3n \u00fanica<\/em><\/strong><br \/>\n<span style=\"text-decoration: underline\">Horario<\/span>: viernes de 14:30 a 17:00 horas.<br \/>\n<span style=\"text-decoration: underline\">Inicio<\/span>: viernes 12 de septiembre de 2014.<\/li>\n<\/ul>\n<p><strong>Mayor informaci\u00f3n y Solicitud de Inscripci\u00f3n en:\u00a0<\/strong><br \/>\n<a href=\"http:\/\/www.idela.org.ar\/\" target=\"_blank\">http:\/\/www.idela.org.ar\/<\/a><\/p>\n<p><strong>Instituto para la Integraci\u00f3n y el Desarrollo Latinoamericano (IDELA\/UNT):<\/strong><br \/>\n25 de Mayo 456. Tel.: 4228853 int. 37.<br \/>\nE-mail: <a href=\"mailto:portugues@idela.org.ar\">portugues@idela.org.ar<\/a><br \/>\nFacebook: Instituto para la Integraci\u00f3n y el Desarrollo Latinoamericano<\/p>\n","protected":false},"excerpt":{"rendered":"<p>ABIERTAS LAS INSCRIPCIONES &#8211; 2do Cuatrimestre 2014 Curso especialmente dise\u00f1ado para satisfacer las exigencias idiom\u00e1ticas de los programas de postgrado en carreras de nuestra universidad. Comisi\u00f3n \u00fanica Horario: viernes de 14:30 a 17:00 horas. Inicio: viernes 12 de septiembre de 2014. Mayor informaci\u00f3n y Solicitud de Inscripci\u00f3n en:\u00a0 http:\/\/www.idela.org.ar\/ Instituto para la Integraci\u00f3n y el [&hellip;]<\/p>\n","protected":false},"author":6,"featured_media":0,"comment_status":"closed","ping_status":"closed","sticky":false,"template":"","format":"standard","meta":[],"categories":[5],"tags":[],"_links":{"self":[{"href":"https:\/\/www.facet.unt.edu.ar\/facetinforma\/wp-json\/wp\/v2\/posts\/6586"}],"collection":[{"href":"https:\/\/www.facet.unt.edu.ar\/facetinforma\/wp-json\/wp\/v2\/posts"}],"about":[{"href":"https:\/\/www.facet.unt.edu.ar\/facetinforma\/wp-json\/wp\/v2\/types\/post"}],"author":[{"embeddable":true,"href":"https:\/\/www.facet.unt.edu.ar\/facetinforma\/wp-json\/wp\/v2\/users\/6"}],"replies":[{"embeddable":true,"href":"https:\/\/www.facet.unt.edu.ar\/facetinforma\/wp-json\/wp\/v2\/comments?post=6586"}],"version-history":[{"count":3,"href":"https:\/\/www.facet.unt.edu.ar\/facetinforma\/wp-json\/wp\/v2\/posts\/6586\/revisions"}],"predecessor-version":[{"id":6596,"href":"https:\/\/www.facet.unt.edu.ar\/facetinforma\/wp-json\/wp\/v2\/posts\/6586\/revisions\/6596"}],"wp:attachment":[{"href":"https:\/\/www.facet.unt.edu.ar\/facetinforma\/wp-json\/wp\/v2\/media?parent=6586"}],"wp:term":[{"taxonomy":"category","embeddable":true,"href":"https:\/\/www.facet.unt.edu.ar\/facetinforma\/wp-json\/wp\/v2\/categories?post=6586"},{"taxonomy":"post_tag","embeddable":true,"href":"https:\/\/www.facet.unt.edu.ar\/facetinforma\/wp-json\/wp\/v2\/tags?post=6586"}],"curies":[{"name":"wp","href":"https:\/\/api.w.org\/{rel}","templated":true}]}}