{"id":6678,"date":"2014-09-05T11:58:30","date_gmt":"2014-09-05T14:58:30","guid":{"rendered":"https:\/\/www.facet.unt.edu.ar\/facetinforma\/?p=6678"},"modified":"2014-09-05T12:13:02","modified_gmt":"2014-09-05T15:13:02","slug":"programa-de-apoyo-a-proyectos-innovadores-en-la-integracion-de-micro-y-nanotecnologia","status":"publish","type":"post","link":"https:\/\/www.facet.unt.edu.ar\/facetinforma\/2014\/09\/05\/programa-de-apoyo-a-proyectos-innovadores-en-la-integracion-de-micro-y-nanotecnologia\/","title":{"rendered":"Programa de Apoyo a Proyectos Innovadores en la Integraci\u00f3n de Micro y Nanotecnolog\u00eda"},"content":{"rendered":"<p>El Ministerio de Ciencia, Tecnolog\u00eda e Innovaci\u00f3n Productiva, a trav\u00e9s de su Direcci\u00f3n Nacional de Relaciones Internacionales, convoca a aquellas entidades que cumplan con los criterios establecidos en los Puntos 1 y 2, a la presentaci\u00f3n de solicitudes para participar del \u201c<strong>PROGRAMA DE APOYO A PROYECTOS INNOVADORES EN LA\u00a0INTEGRACI\u00d3N\u00a0DE MICRO Y NANOTECNOLOG\u00cdA<\/strong>\u201d, en el marco del Proyecto Nanopymes, financiado por la Rep\u00fablica Argentina y la Uni\u00f3n Europea.<\/p>\n<p>El objetivo del Programa es facilitar la adopci\u00f3n de micro y nanotecnolog\u00edas (MNT) a nivel industrial por parte de PYMES y entidades de I+D (Laboratorios) de Argentina en los sectores de salud, electr\u00f3nica, metalmec\u00e1nica y agro alimentos.<\/p>\n<p>Para ello, se apoyar\u00e1n a actividades de capacitaci\u00f3n espec\u00edfica \u2013en entidades europeas especializadas e instituciones nacionales- y Asistencia T\u00e9cnica \u2013en la organizaci\u00f3n beneficiaria- para contribuir al desarrollo de proyectos innovadores en el \u00e1rea.<\/p>\n<p>El resultado esperado es alcanzar exitosamente innovaciones en MNT en PYMES del sector correspondiente a partir de la articulaci\u00f3n de acciones de facilitaci\u00f3n a los proyectos que componen el Programa.<\/p>\n<p>Para ver los criterios establecidos por el programa, seleccione <a href=\"https:\/\/www.facet.unt.edu.ar\/facetinforma\/wp-content\/uploads\/sites\/9\/2014\/09\/CONVOCATORIA-INFORMACI\u00d3N.pdf\" target=\"_blank\">aqu\u00ed<\/a>.<\/p>\n<p>Se adjunta\u00a0el formulario de solicitud: &#8211; <a href=\"https:\/\/www.facet.unt.edu.ar\/facetinforma\/wp-content\/uploads\/sites\/9\/2014\/09\/FORMULARIO-DE-SOLICITUD.pdf\" target=\"_blank\">Formulario<\/a><\/p>\n","protected":false},"excerpt":{"rendered":"<p>El Ministerio de Ciencia, Tecnolog\u00eda e Innovaci\u00f3n Productiva, a trav\u00e9s de su Direcci\u00f3n Nacional de Relaciones Internacionales, convoca a aquellas entidades que cumplan con los criterios establecidos en los Puntos 1 y 2, a la presentaci\u00f3n de solicitudes para participar del \u201cPROGRAMA DE APOYO A PROYECTOS INNOVADORES EN LA\u00a0INTEGRACI\u00d3N\u00a0DE MICRO Y NANOTECNOLOG\u00cdA\u201d, en el marco [&hellip;]<\/p>\n","protected":false},"author":6,"featured_media":0,"comment_status":"closed","ping_status":"closed","sticky":false,"template":"","format":"standard","meta":[],"categories":[5],"tags":[],"_links":{"self":[{"href":"https:\/\/www.facet.unt.edu.ar\/facetinforma\/wp-json\/wp\/v2\/posts\/6678"}],"collection":[{"href":"https:\/\/www.facet.unt.edu.ar\/facetinforma\/wp-json\/wp\/v2\/posts"}],"about":[{"href":"https:\/\/www.facet.unt.edu.ar\/facetinforma\/wp-json\/wp\/v2\/types\/post"}],"author":[{"embeddable":true,"href":"https:\/\/www.facet.unt.edu.ar\/facetinforma\/wp-json\/wp\/v2\/users\/6"}],"replies":[{"embeddable":true,"href":"https:\/\/www.facet.unt.edu.ar\/facetinforma\/wp-json\/wp\/v2\/comments?post=6678"}],"version-history":[{"count":3,"href":"https:\/\/www.facet.unt.edu.ar\/facetinforma\/wp-json\/wp\/v2\/posts\/6678\/revisions"}],"predecessor-version":[{"id":6681,"href":"https:\/\/www.facet.unt.edu.ar\/facetinforma\/wp-json\/wp\/v2\/posts\/6678\/revisions\/6681"}],"wp:attachment":[{"href":"https:\/\/www.facet.unt.edu.ar\/facetinforma\/wp-json\/wp\/v2\/media?parent=6678"}],"wp:term":[{"taxonomy":"category","embeddable":true,"href":"https:\/\/www.facet.unt.edu.ar\/facetinforma\/wp-json\/wp\/v2\/categories?post=6678"},{"taxonomy":"post_tag","embeddable":true,"href":"https:\/\/www.facet.unt.edu.ar\/facetinforma\/wp-json\/wp\/v2\/tags?post=6678"}],"curies":[{"name":"wp","href":"https:\/\/api.w.org\/{rel}","templated":true}]}}