{"id":6941,"date":"2014-10-14T11:49:10","date_gmt":"2014-10-14T14:49:10","guid":{"rendered":"https:\/\/www.facet.unt.edu.ar\/facetinforma\/?p=6941"},"modified":"2014-10-14T12:07:35","modified_gmt":"2014-10-14T15:07:35","slug":"jornada-argentino-brasilera-de-acceso-abierto-y-derechos-de-autor","status":"publish","type":"post","link":"https:\/\/www.facet.unt.edu.ar\/facetinforma\/2014\/10\/14\/jornada-argentino-brasilera-de-acceso-abierto-y-derechos-de-autor\/","title":{"rendered":"Jornada Argentino Brasilera de Acceso Abierto y Derechos de Autor"},"content":{"rendered":"<p>Informamos a Ud. que se encuentra abierta la inscripci\u00f3n a la \u201c<strong>Jornada Argentino Brasilera de Acceso Abierto y Derechos de Autor = Jornada Brasileiro-Argentina de Acesso Aberto e Dereitos de Autor\u201d<\/strong>, que se llevar\u00e1 a cabo de manera virtual el d\u00eda martes 21 de Octubre a partir de las 10:00 horas.\u00a0\u00a0 <!--more--><\/p>\n<p>La Jornada, que se desarrollar\u00e1 en el marco de la <em>Semana Internacional del Acceso Abierto<\/em>, est\u00e1 organizada en forma conjunta por la Secretar\u00eda Ejecutiva del Sistema Nacional de Repositorios Digitales &#8211; Biblioteca Electr\u00f3nica de Ciencia y Tecnolog\u00eda del Ministerio de Ciencia, Tecnolog\u00eda e Innovaci\u00f3n Productiva de la Rep\u00fablica Argentina y el Instituto Brasileiro de Informa\u00e7ao em Ci\u00eancia e Tecnologia del Minist\u00e9rio da Ci\u00eancia, Tecnologia e Inova\u00e7\u00e3o de la Rep\u00fablica Federativa del Brasil.<\/p>\n<p>La misma est\u00e1 destinada a investigadores, abogados especializados en propiedad intelectual, bibliotecarios, editores cient\u00edficos, personas que toman decisiones y todo aquel interesado en el Acceso Abierto.<\/p>\n<p><strong>Las inscripciones se realizar\u00e1n hasta el d\u00eda 19\/10 del 2014 a trav\u00e9s de la Biblioteca Electr\u00f3nica de Ciencia y Tecnolog\u00eda: \u00a0<a href=\"http:\/\/biblioteca.mincyt.gob.ar\/eventos\/ver?id=1\" target=\"_blank\">http:\/\/biblioteca.mincyt.gob.ar\/eventos\/ver?id=1<\/a><\/strong><\/p>\n<p>Para acceder al programa de la Jornada, seleccione <a href=\"https:\/\/www.facet.unt.edu.ar\/facetinforma\/wp-content\/uploads\/sites\/9\/2014\/10\/Jornada-Argentino-Brasilera-de-ACCESO-ABIERTO-Programa-2.pdf\" target=\"_blank\">aqu\u00ed<\/a>.<\/p>\n<div id=\"dc_vk_code\"><\/div>\n","protected":false},"excerpt":{"rendered":"<p>Informamos a Ud. que se encuentra abierta la inscripci\u00f3n a la \u201cJornada Argentino Brasilera de Acceso Abierto y Derechos de Autor = Jornada Brasileiro-Argentina de Acesso Aberto e Dereitos de Autor\u201d, que se llevar\u00e1 a cabo de manera virtual el d\u00eda martes 21 de Octubre a partir de las 10:00 horas.\u00a0\u00a0<\/p>\n","protected":false},"author":6,"featured_media":0,"comment_status":"closed","ping_status":"closed","sticky":false,"template":"","format":"standard","meta":[],"categories":[5],"tags":[],"_links":{"self":[{"href":"https:\/\/www.facet.unt.edu.ar\/facetinforma\/wp-json\/wp\/v2\/posts\/6941"}],"collection":[{"href":"https:\/\/www.facet.unt.edu.ar\/facetinforma\/wp-json\/wp\/v2\/posts"}],"about":[{"href":"https:\/\/www.facet.unt.edu.ar\/facetinforma\/wp-json\/wp\/v2\/types\/post"}],"author":[{"embeddable":true,"href":"https:\/\/www.facet.unt.edu.ar\/facetinforma\/wp-json\/wp\/v2\/users\/6"}],"replies":[{"embeddable":true,"href":"https:\/\/www.facet.unt.edu.ar\/facetinforma\/wp-json\/wp\/v2\/comments?post=6941"}],"version-history":[{"count":4,"href":"https:\/\/www.facet.unt.edu.ar\/facetinforma\/wp-json\/wp\/v2\/posts\/6941\/revisions"}],"predecessor-version":[{"id":6945,"href":"https:\/\/www.facet.unt.edu.ar\/facetinforma\/wp-json\/wp\/v2\/posts\/6941\/revisions\/6945"}],"wp:attachment":[{"href":"https:\/\/www.facet.unt.edu.ar\/facetinforma\/wp-json\/wp\/v2\/media?parent=6941"}],"wp:term":[{"taxonomy":"category","embeddable":true,"href":"https:\/\/www.facet.unt.edu.ar\/facetinforma\/wp-json\/wp\/v2\/categories?post=6941"},{"taxonomy":"post_tag","embeddable":true,"href":"https:\/\/www.facet.unt.edu.ar\/facetinforma\/wp-json\/wp\/v2\/tags?post=6941"}],"curies":[{"name":"wp","href":"https:\/\/api.w.org\/{rel}","templated":true}]}}