{"id":6957,"date":"2014-10-15T16:51:22","date_gmt":"2014-10-15T19:51:22","guid":{"rendered":"https:\/\/www.facet.unt.edu.ar\/facetinforma\/?p=6957"},"modified":"2014-10-15T16:51:22","modified_gmt":"2014-10-15T19:51:22","slug":"dictan-un-taller-para-perfeccionar-la-gestion-de-documentos-y-archivos-en-la-unt","status":"publish","type":"post","link":"https:\/\/www.facet.unt.edu.ar\/facetinforma\/2014\/10\/15\/dictan-un-taller-para-perfeccionar-la-gestion-de-documentos-y-archivos-en-la-unt\/","title":{"rendered":"Dictan un taller para perfeccionar la Gesti\u00f3n de Documentos y Archivos en la UNT"},"content":{"rendered":"<p>El\u00a0d\u00eda mi\u00e9rcoles\u00a022 de octubre iniciar\u00e1 el taller \u201cMetodolog\u00eda de la Gesti\u00f3n Documental en la UNT\u201d dirigido al personal de la Universidad Nacional de Tucum\u00e1n, que tiene a cargo la gesti\u00f3n documental en general y la administraci\u00f3n de archivos a nivel de la administraci\u00f3n central, las unidades acad\u00e9micas y organismos descentralizados. La actividad se desarrollar\u00e1 en 4 encuentros de 4 horas cada uno, los d\u00edas\u00a0 22, 24, 29 y 31 de octubre, de 8 a 12 hs, en nuestras instalaciones (San Lorenzo 777).\u00a0\u00a0 <!--more--><\/p>\n<p>El taller tiene como objetivo brindar herramientas para poder llevar a cabo un proceso de normalizaci\u00f3n de la Gesti\u00f3n de Documentos y Archivos en la UNT, identificar las necesidades, revisar los procedimientos, examinar las normas legales y proyectar la unificaci\u00f3n de criterios para la gesti\u00f3n documental.<\/p>\n<p>Se abordaran temas como: La Administraci\u00f3n Universitaria: Las unidades organizacionales y su flujo documental, Tipolog\u00eda Documental de las Universidades, Sistema de Gesti\u00f3n Documental, Sistema institucional del archivos \u2013 SIA y Aspectos Pr\u00e1cticos: Evaluaci\u00f3n de Propuestas de Normalizaci\u00f3n de los procedimientos Administrativos \u2013Archiv\u00edsticos. El taller estar\u00e1 a cargo de la Mag. Miriam Salvatierra (Master en Gesti\u00f3n Documental y Administraci\u00f3n de Archivos) y consultora en la materia de numerosos organizaciones p\u00fablicas y privadas.<\/p>\n<p>Para inscribirse los interesados deber\u00e1n dirigirse a San Lorenzo 777, comunicarse a los tel\u00e9fonos: 4526028\/29 en horario de 8 a 13 o v\u00eda e-mail a:\u00a0<a href=\"mailto:centrocapacitacionunt@hotmail.com\">centrocapacitacionunt@hotmail.com<\/a><\/p>\n<div id=\"dc_vk_code\"><\/div>\n","protected":false},"excerpt":{"rendered":"<p>El\u00a0d\u00eda mi\u00e9rcoles\u00a022 de octubre iniciar\u00e1 el taller \u201cMetodolog\u00eda de la Gesti\u00f3n Documental en la UNT\u201d dirigido al personal de la Universidad Nacional de Tucum\u00e1n, que tiene a cargo la gesti\u00f3n documental en general y la administraci\u00f3n de archivos a nivel de la administraci\u00f3n central, las unidades acad\u00e9micas y organismos descentralizados. La actividad se desarrollar\u00e1 en [&hellip;]<\/p>\n","protected":false},"author":6,"featured_media":0,"comment_status":"closed","ping_status":"closed","sticky":false,"template":"","format":"standard","meta":[],"categories":[5],"tags":[],"_links":{"self":[{"href":"https:\/\/www.facet.unt.edu.ar\/facetinforma\/wp-json\/wp\/v2\/posts\/6957"}],"collection":[{"href":"https:\/\/www.facet.unt.edu.ar\/facetinforma\/wp-json\/wp\/v2\/posts"}],"about":[{"href":"https:\/\/www.facet.unt.edu.ar\/facetinforma\/wp-json\/wp\/v2\/types\/post"}],"author":[{"embeddable":true,"href":"https:\/\/www.facet.unt.edu.ar\/facetinforma\/wp-json\/wp\/v2\/users\/6"}],"replies":[{"embeddable":true,"href":"https:\/\/www.facet.unt.edu.ar\/facetinforma\/wp-json\/wp\/v2\/comments?post=6957"}],"version-history":[{"count":2,"href":"https:\/\/www.facet.unt.edu.ar\/facetinforma\/wp-json\/wp\/v2\/posts\/6957\/revisions"}],"predecessor-version":[{"id":6959,"href":"https:\/\/www.facet.unt.edu.ar\/facetinforma\/wp-json\/wp\/v2\/posts\/6957\/revisions\/6959"}],"wp:attachment":[{"href":"https:\/\/www.facet.unt.edu.ar\/facetinforma\/wp-json\/wp\/v2\/media?parent=6957"}],"wp:term":[{"taxonomy":"category","embeddable":true,"href":"https:\/\/www.facet.unt.edu.ar\/facetinforma\/wp-json\/wp\/v2\/categories?post=6957"},{"taxonomy":"post_tag","embeddable":true,"href":"https:\/\/www.facet.unt.edu.ar\/facetinforma\/wp-json\/wp\/v2\/tags?post=6957"}],"curies":[{"name":"wp","href":"https:\/\/api.w.org\/{rel}","templated":true}]}}