{"id":697,"date":"2012-04-19T10:27:19","date_gmt":"2012-04-19T10:27:19","guid":{"rendered":"http:\/\/www1.herrera.unt.edu.ar\/facetinforma\/?p=697"},"modified":"2012-04-19T10:27:19","modified_gmt":"2012-04-19T10:27:19","slug":"premio-odebrecht-2012","status":"publish","type":"post","link":"https:\/\/www.facet.unt.edu.ar\/facetinforma\/2012\/04\/19\/premio-odebrecht-2012\/","title":{"rendered":"Premio Odebrecht 2012"},"content":{"rendered":"<div style=\"text-align: justify\"><span style=\"font-family: Tahoma\">Se Informa a la comunidad de la FACET, que hasta el 02\/08\/2012 se encuentra abierta la inscripci\u00f3n para participar en el Premio Odebrecht para el desarrollo sustentable, edici\u00f3n 2012.<\/span><\/div>\n<div style=\"text-align: justify\">\u00a0<\/div>\n<div style=\"text-align: justify\">Dicho premio tiene como prop\u00f3sito identificar y motivar a los j\u00f3venes universitarios, para que participen o desarrollen individualmente o en equipo una propuesta basada en el desarrollo sustentable (sin efectos sobre el medio ambiente).<\/div>\n<div style=\"text-align: justify\">A efectos de poner en pr\u00e1ctica el presente Proyecto, Constructora Norberto Odebrecht S.A. (Sucursal Argentina), est\u00e1 contando con la colaboraci\u00f3n de estudiantes universitarios, siendo esta la primera vez que se realiza en nuestro pa\u00eds.<\/div>\n<div style=\"text-align: justify\">\u00a0<\/div>\n<div style=\"text-align: justify\">Criterios de Participaci\u00f3n:\u00a0La participaci\u00f3n en el Concurso podr\u00e1 ser realizada en forma\u00a0individual o grupal. Los grupos pueden ser de\u00a0hasta 3 (tres) estudiantes, debiendo ser\u00a0al menos uno de sus integrantes alumno de alguna de las siguientes carreras: Ingenier\u00eda, Arquitectura o Agronom\u00eda. Tambi\u00e9n, podr\u00e1n ser invitados a formar parte del grupo estudiantes de la misma Instituci\u00f3n que cursen otras carreras.<\/div>\n<p style=\"text-align: justify\">Podr\u00e1n inscribirse estudiantes universitarios de cualquier edad o nacionalidad, que est\u00e9n formalmente inscriptos, hasta la fecha final de entrega de proyectos (2 de agosto 2012), en instituciones de cursos superiores reconocidos por el Ministerio de Educaci\u00f3n. Esta condici\u00f3n deber\u00e1 ser comprobada mediante declaraci\u00f3n de sus respectivas Universidades.<\/p>\n<p style=\"text-align: justify\">Es importante, que cada proyecto, de forma obligatoria, cuente con el apoyo y la orientaci\u00f3n acad\u00e9mica de un(a) profesor(a) de la misma Instituci\u00f3n a la que pertenece el equipo. Se permite que un mismo profesor(a) sea el orientador de m\u00e1s de un proyecto, siempre y cuando obligatoriamente, este vinculado al curso o departamento de Ingenier\u00eda, Arquitectura o Agronom\u00eda.<\/p>\n<div>Mayores informes pueden recabarse en el sitio:\u00a0<a href=\"http:\/\/www.premioodebrecht.com\/argentina\" target=\"_blank\">http:\/\/www.premioodebrecht.com\/argentina<\/a>\u00a0<\/div>\n<div>\u00a0<\/div>\n<div>Muy atentamente,<\/div>\n<div><span style=\"font-family: garamond,serif\"><strong>Prof. Ing. Carlos Alberto Rodr\u00edguez (MSc)<\/strong><\/span><\/div>\n<div><span style=\"font-family: garamond,serif\">\u00a0\u00a0\u00a0\u00a0 Secretario de Gesti\u00f3n y Extensi\u00f3n<\/span><\/div>\n<div><span style=\"font-family: Garamond\">Facultad de Ciencias Exactas y Tecnolog\u00eda<\/span><\/div>\n<div><span style=\"font-family: Garamond\">\u00a0\u00a0\u00a0 Universidad Nacional de Tucum\u00e1n<\/span><\/div>\n","protected":false},"excerpt":{"rendered":"<p>Se Informa a la comunidad de la FACET, que hasta el 02\/08\/2012 se encuentra abierta la inscripci\u00f3n para participar en el Premio Odebrecht para el desarrollo sustentable, edici\u00f3n 2012. \u00a0 Dicho premio tiene como prop\u00f3sito identificar y motivar a los j\u00f3venes universitarios, para que participen o desarrollen individualmente o en equipo una propuesta basada en [&hellip;]<\/p>\n","protected":false},"author":6,"featured_media":0,"comment_status":"closed","ping_status":"open","sticky":false,"template":"","format":"standard","meta":[],"categories":[5],"tags":[],"_links":{"self":[{"href":"https:\/\/www.facet.unt.edu.ar\/facetinforma\/wp-json\/wp\/v2\/posts\/697"}],"collection":[{"href":"https:\/\/www.facet.unt.edu.ar\/facetinforma\/wp-json\/wp\/v2\/posts"}],"about":[{"href":"https:\/\/www.facet.unt.edu.ar\/facetinforma\/wp-json\/wp\/v2\/types\/post"}],"author":[{"embeddable":true,"href":"https:\/\/www.facet.unt.edu.ar\/facetinforma\/wp-json\/wp\/v2\/users\/6"}],"replies":[{"embeddable":true,"href":"https:\/\/www.facet.unt.edu.ar\/facetinforma\/wp-json\/wp\/v2\/comments?post=697"}],"version-history":[{"count":0,"href":"https:\/\/www.facet.unt.edu.ar\/facetinforma\/wp-json\/wp\/v2\/posts\/697\/revisions"}],"wp:attachment":[{"href":"https:\/\/www.facet.unt.edu.ar\/facetinforma\/wp-json\/wp\/v2\/media?parent=697"}],"wp:term":[{"taxonomy":"category","embeddable":true,"href":"https:\/\/www.facet.unt.edu.ar\/facetinforma\/wp-json\/wp\/v2\/categories?post=697"},{"taxonomy":"post_tag","embeddable":true,"href":"https:\/\/www.facet.unt.edu.ar\/facetinforma\/wp-json\/wp\/v2\/tags?post=697"}],"curies":[{"name":"wp","href":"https:\/\/api.w.org\/{rel}","templated":true}]}}