{"id":6995,"date":"2014-10-20T12:24:48","date_gmt":"2014-10-20T15:24:48","guid":{"rendered":"https:\/\/www.facet.unt.edu.ar\/facetinforma\/?p=6995"},"modified":"2014-10-20T12:24:48","modified_gmt":"2014-10-20T15:24:48","slug":"charla-abierta-personas-con-diversidad-funcional-auditiva-en-el-ambito-universitario","status":"publish","type":"post","link":"https:\/\/www.facet.unt.edu.ar\/facetinforma\/2014\/10\/20\/charla-abierta-personas-con-diversidad-funcional-auditiva-en-el-ambito-universitario\/","title":{"rendered":"Charla abierta: \u201cPersonas con diversidad funcional auditiva en el \u00e1mbito universitario\u201d"},"content":{"rendered":"<p>En el marco del proyecto de investigaci\u00f3n CIUNT, llamado \u201cLos Alumnos con Discapacidad en la UNT: Pr\u00e1cticas Inclusivas y Accesibilidad Acad\u00e9mica\u201d, se realiz\u00f3 el pasado viernes 17 de octubre una conferencia titulada \u201cInclusi\u00f3n de la persona con discapacidad en el \u00e1mbito universitario. Experiencia de un egresado de Tucum\u00e1n\u201d en la Casa del Estudiante de la UNT. En la ocasi\u00f3n, la directora del proyecto, Mg. Ana Esterkind, present\u00f3 como disertante al Ing. Pablo Gonz\u00e1lez Hern\u00e1ndez, un joven ingeniero, con diversidad funcional auditiva, oriundo de la provincia de Tucum\u00e1n, que realiz\u00f3 sus estudios de grado en el \u00e1rea de sistemas y complet\u00f3 su formaci\u00f3n con estudios de posgrado en el \u00e1rea en la Universidad de Murcia, Espa\u00f1a.\u00a0\u00a0 <!--more--><\/p>\n<p>Como continuidad de las acciones llevadas a cabo por el proyecto, hoy lunes 20 de Octubre, el Ing. Pablo Gonz\u00e1lez Hern\u00e1ndez, dar\u00e1 una charla abierta acerca de un sistema para celulares con SO Android, orientado a favorecer la seguridad y las comunicaciones de las personas sordas. Este tema fue objeto de su trabajo de tesis para obtener el t\u00edtulo de magister.<\/p>\n<p>La charla se realizar\u00e1 en la PB del Block 2, en el Laboratorio B del Dpto. de Cs. de la Computaci\u00f3n, a las 16 hs.<\/p>\n<p style=\"text-align: center\"><a href=\"https:\/\/www.facet.unt.edu.ar\/facetinforma\/wp-content\/uploads\/sites\/9\/2014\/10\/IMG_20141017_175818.jpg\"><img decoding=\"async\" loading=\"lazy\" class=\"aligncenter  wp-image-6996\" src=\"https:\/\/www.facet.unt.edu.ar\/facetinforma\/wp-content\/uploads\/sites\/9\/2014\/10\/IMG_20141017_175818-1024x768.jpg\" alt=\"Ing. Pablo Gonz\u00e1lez Hern\u00e1ndez\" width=\"335\" height=\"251\" srcset=\"https:\/\/www.facet.unt.edu.ar\/facetinforma\/wp-content\/uploads\/sites\/9\/2014\/10\/IMG_20141017_175818-1024x768.jpg 1024w, https:\/\/www.facet.unt.edu.ar\/facetinforma\/wp-content\/uploads\/sites\/9\/2014\/10\/IMG_20141017_175818-300x225.jpg 300w\" sizes=\"(max-width: 335px) 100vw, 335px\" \/><\/a>Ing. Pablo Gonz\u00e1lez Hern\u00e1ndez<\/p>\n","protected":false},"excerpt":{"rendered":"<p>En el marco del proyecto de investigaci\u00f3n CIUNT, llamado \u201cLos Alumnos con Discapacidad en la UNT: Pr\u00e1cticas Inclusivas y Accesibilidad Acad\u00e9mica\u201d, se realiz\u00f3 el pasado viernes 17 de octubre una conferencia titulada \u201cInclusi\u00f3n de la persona con discapacidad en el \u00e1mbito universitario. Experiencia de un egresado de Tucum\u00e1n\u201d en la Casa del Estudiante de la [&hellip;]<\/p>\n","protected":false},"author":6,"featured_media":0,"comment_status":"closed","ping_status":"closed","sticky":false,"template":"","format":"standard","meta":[],"categories":[5],"tags":[],"_links":{"self":[{"href":"https:\/\/www.facet.unt.edu.ar\/facetinforma\/wp-json\/wp\/v2\/posts\/6995"}],"collection":[{"href":"https:\/\/www.facet.unt.edu.ar\/facetinforma\/wp-json\/wp\/v2\/posts"}],"about":[{"href":"https:\/\/www.facet.unt.edu.ar\/facetinforma\/wp-json\/wp\/v2\/types\/post"}],"author":[{"embeddable":true,"href":"https:\/\/www.facet.unt.edu.ar\/facetinforma\/wp-json\/wp\/v2\/users\/6"}],"replies":[{"embeddable":true,"href":"https:\/\/www.facet.unt.edu.ar\/facetinforma\/wp-json\/wp\/v2\/comments?post=6995"}],"version-history":[{"count":1,"href":"https:\/\/www.facet.unt.edu.ar\/facetinforma\/wp-json\/wp\/v2\/posts\/6995\/revisions"}],"predecessor-version":[{"id":6997,"href":"https:\/\/www.facet.unt.edu.ar\/facetinforma\/wp-json\/wp\/v2\/posts\/6995\/revisions\/6997"}],"wp:attachment":[{"href":"https:\/\/www.facet.unt.edu.ar\/facetinforma\/wp-json\/wp\/v2\/media?parent=6995"}],"wp:term":[{"taxonomy":"category","embeddable":true,"href":"https:\/\/www.facet.unt.edu.ar\/facetinforma\/wp-json\/wp\/v2\/categories?post=6995"},{"taxonomy":"post_tag","embeddable":true,"href":"https:\/\/www.facet.unt.edu.ar\/facetinforma\/wp-json\/wp\/v2\/tags?post=6995"}],"curies":[{"name":"wp","href":"https:\/\/api.w.org\/{rel}","templated":true}]}}