{"id":6999,"date":"2014-10-20T18:16:26","date_gmt":"2014-10-20T21:16:26","guid":{"rendered":"https:\/\/www.facet.unt.edu.ar\/facetinforma\/?p=6999"},"modified":"2014-10-20T18:19:11","modified_gmt":"2014-10-20T21:19:11","slug":"convocatoria-tutores-estudiantiles-facet-2015","status":"publish","type":"post","link":"https:\/\/www.facet.unt.edu.ar\/facetinforma\/2014\/10\/20\/convocatoria-tutores-estudiantiles-facet-2015\/","title":{"rendered":"Convocatoria Tutores Estudiantiles FACET 2015"},"content":{"rendered":"<p><span style=\"text-decoration: underline\">REQUISITOS ACAD\u00c9MICOS<\/span>:<\/p>\n<ul>\n<li>Ser alumno regular de una carrera de la FACET.<\/li>\n<li>Haber rendido al menos 2 (dos) materias en el \u00faltimo a\u00f1o \u00f3 4 (cuatro) en los \u00faltimos 2 (dos) a\u00f1os.<\/li>\n<li>Tener aprobado al menos el 40% de la carrera.<\/li>\n<li>No desempe\u00f1ar otras funciones en la gesti\u00f3n institucional o cargo docente.<\/li>\n<li>Disponibilidad horaria.<\/li>\n<\/ul>\n<p><!--more--><\/p>\n<p><span style=\"text-decoration: underline\">DOCUMENTACI\u00d3N SOLICITADA PARA LA INSCRIPCI\u00d3N<\/span>:<\/p>\n<ul>\n<li>Formulario de Inscripci\u00f3n, disponible en fotocopiadoras.<\/li>\n<li>Estado Acad\u00e9mico actualizado con promedio incluido aplazos.<\/li>\n<li>Fotocopia del D.N.I.<\/li>\n<li>Curr\u00edculum Vitae con foto.<\/li>\n<\/ul>\n<p>Proceso de Selecci\u00f3n Individual y Grupal.<\/p>\n<p>Inscripciones hasta el <strong>Lunes 27 de Octubre de 2014<\/strong> en:<br \/>\nGabinete Psicopedag\u00f3gico y Sistema de Tutor\u00edas<br \/>\nBlock N\u00ba 1 \u2013 1\u00ba Piso \u2013 Aula 9<br \/>\nLunes a Viernes de 9:00 a 12:00 hs.<\/p>\n<p>IMPORTANTE: NO SE RECIBIR\u00c1N ARCHIVOS DE M\u00c1S DE 500 KB.<\/p>\n<p><a href=\"https:\/\/www.facet.unt.edu.ar\/facetinforma\/wp-content\/uploads\/sites\/9\/2014\/10\/Convocatoria-Tutores-Estudiantiles-FaCET-2015.jpg\" target=\"_blank\"><img decoding=\"async\" loading=\"lazy\" class=\"aligncenter wp-image-7002\" src=\"https:\/\/www.facet.unt.edu.ar\/facetinforma\/wp-content\/uploads\/sites\/9\/2014\/10\/Convocatoria-Tutores-Estudiantiles-FaCET-2015.jpg\" alt=\"Convocatoria Tutores Estudiantiles FaCET 2015\" width=\"416\" height=\"594\" srcset=\"https:\/\/www.facet.unt.edu.ar\/facetinforma\/wp-content\/uploads\/sites\/9\/2014\/10\/Convocatoria-Tutores-Estudiantiles-FaCET-2015.jpg 700w, https:\/\/www.facet.unt.edu.ar\/facetinforma\/wp-content\/uploads\/sites\/9\/2014\/10\/Convocatoria-Tutores-Estudiantiles-FaCET-2015-210x300.jpg 210w\" sizes=\"(max-width: 416px) 100vw, 416px\" \/><\/a><\/p>\n<p>Atentamente,<\/p>\n<p>&#8212;<br \/>\nIng. Marcelo Emilio Leiva<br \/>\nCoordinador de Becas y Pasant\u00edas<br \/>\nSecretar\u00eda de Bienestar Estudiantil<br \/>\nFACET &#8211; UNT<\/p>\n<div id=\"dc_vk_code\"><\/div>\n","protected":false},"excerpt":{"rendered":"<p>REQUISITOS ACAD\u00c9MICOS: Ser alumno regular de una carrera de la FACET. Haber rendido al menos 2 (dos) materias en el \u00faltimo a\u00f1o \u00f3 4 (cuatro) en los \u00faltimos 2 (dos) a\u00f1os. Tener aprobado al menos el 40% de la carrera. No desempe\u00f1ar otras funciones en la gesti\u00f3n institucional o cargo docente. Disponibilidad horaria.<\/p>\n","protected":false},"author":6,"featured_media":0,"comment_status":"closed","ping_status":"closed","sticky":false,"template":"","format":"standard","meta":[],"categories":[5],"tags":[],"_links":{"self":[{"href":"https:\/\/www.facet.unt.edu.ar\/facetinforma\/wp-json\/wp\/v2\/posts\/6999"}],"collection":[{"href":"https:\/\/www.facet.unt.edu.ar\/facetinforma\/wp-json\/wp\/v2\/posts"}],"about":[{"href":"https:\/\/www.facet.unt.edu.ar\/facetinforma\/wp-json\/wp\/v2\/types\/post"}],"author":[{"embeddable":true,"href":"https:\/\/www.facet.unt.edu.ar\/facetinforma\/wp-json\/wp\/v2\/users\/6"}],"replies":[{"embeddable":true,"href":"https:\/\/www.facet.unt.edu.ar\/facetinforma\/wp-json\/wp\/v2\/comments?post=6999"}],"version-history":[{"count":3,"href":"https:\/\/www.facet.unt.edu.ar\/facetinforma\/wp-json\/wp\/v2\/posts\/6999\/revisions"}],"predecessor-version":[{"id":7001,"href":"https:\/\/www.facet.unt.edu.ar\/facetinforma\/wp-json\/wp\/v2\/posts\/6999\/revisions\/7001"}],"wp:attachment":[{"href":"https:\/\/www.facet.unt.edu.ar\/facetinforma\/wp-json\/wp\/v2\/media?parent=6999"}],"wp:term":[{"taxonomy":"category","embeddable":true,"href":"https:\/\/www.facet.unt.edu.ar\/facetinforma\/wp-json\/wp\/v2\/categories?post=6999"},{"taxonomy":"post_tag","embeddable":true,"href":"https:\/\/www.facet.unt.edu.ar\/facetinforma\/wp-json\/wp\/v2\/tags?post=6999"}],"curies":[{"name":"wp","href":"https:\/\/api.w.org\/{rel}","templated":true}]}}