{"id":7038,"date":"2014-10-24T17:58:05","date_gmt":"2014-10-24T20:58:05","guid":{"rendered":"https:\/\/www.facet.unt.edu.ar\/facetinforma\/?p=7038"},"modified":"2014-10-24T17:58:05","modified_gmt":"2014-10-24T20:58:05","slug":"consejo-directivo-facet-orden-del-dia-291014","status":"publish","type":"post","link":"https:\/\/www.facet.unt.edu.ar\/facetinforma\/2014\/10\/24\/consejo-directivo-facet-orden-del-dia-291014\/","title":{"rendered":"Consejo Directivo FACET \u2013 Orden del D\u00eda 29\/10\/14"},"content":{"rendered":"<p>Se\u00f1or\/a Consejero\/a:<\/p>\n<p>Por disposici\u00f3n del Sr. Decano, invitamos a Ud. a la Reuni\u00f3n Ordinaria del Consejo Directivo, que se realizar\u00e1 el d\u00eda mi\u00e9rcoles 29 de Octubre a horas 10:00 para considerar el siguiente:<br \/>\n&#8211; <a href=\"https:\/\/www.facet.unt.edu.ar\/facetinforma\/wp-content\/uploads\/sites\/9\/2014\/10\/Orden-del-d\u00eda-29-10-14.pdf\" target=\"_blank\">Orden del D\u00eda 29\/10\/14.pdf<\/a><\/p>\n<div id=\"dc_vk_code\"><\/div>\n","protected":false},"excerpt":{"rendered":"<p>Se\u00f1or\/a Consejero\/a: Por disposici\u00f3n del Sr. Decano, invitamos a Ud. a la Reuni\u00f3n Ordinaria del Consejo Directivo, que se realizar\u00e1 el d\u00eda mi\u00e9rcoles 29 de Octubre a horas 10:00 para considerar el siguiente: &#8211; Orden del D\u00eda 29\/10\/14.pdf<\/p>\n","protected":false},"author":6,"featured_media":0,"comment_status":"closed","ping_status":"closed","sticky":false,"template":"","format":"standard","meta":[],"categories":[5],"tags":[],"_links":{"self":[{"href":"https:\/\/www.facet.unt.edu.ar\/facetinforma\/wp-json\/wp\/v2\/posts\/7038"}],"collection":[{"href":"https:\/\/www.facet.unt.edu.ar\/facetinforma\/wp-json\/wp\/v2\/posts"}],"about":[{"href":"https:\/\/www.facet.unt.edu.ar\/facetinforma\/wp-json\/wp\/v2\/types\/post"}],"author":[{"embeddable":true,"href":"https:\/\/www.facet.unt.edu.ar\/facetinforma\/wp-json\/wp\/v2\/users\/6"}],"replies":[{"embeddable":true,"href":"https:\/\/www.facet.unt.edu.ar\/facetinforma\/wp-json\/wp\/v2\/comments?post=7038"}],"version-history":[{"count":2,"href":"https:\/\/www.facet.unt.edu.ar\/facetinforma\/wp-json\/wp\/v2\/posts\/7038\/revisions"}],"predecessor-version":[{"id":7040,"href":"https:\/\/www.facet.unt.edu.ar\/facetinforma\/wp-json\/wp\/v2\/posts\/7038\/revisions\/7040"}],"wp:attachment":[{"href":"https:\/\/www.facet.unt.edu.ar\/facetinforma\/wp-json\/wp\/v2\/media?parent=7038"}],"wp:term":[{"taxonomy":"category","embeddable":true,"href":"https:\/\/www.facet.unt.edu.ar\/facetinforma\/wp-json\/wp\/v2\/categories?post=7038"},{"taxonomy":"post_tag","embeddable":true,"href":"https:\/\/www.facet.unt.edu.ar\/facetinforma\/wp-json\/wp\/v2\/tags?post=7038"}],"curies":[{"name":"wp","href":"https:\/\/api.w.org\/{rel}","templated":true}]}}